{"id":10095,"date":"2025-06-28T16:09:07","date_gmt":"2025-06-28T14:09:07","guid":{"rendered":"https:\/\/www.netz-barrierefrei.de\/wordpress\/?p=10095"},"modified":"2025-07-02T09:40:03","modified_gmt":"2025-07-02T07:40:03","slug":"meine-erfahrung-mit-dem-barrierefreiheitsstaerkungs-gesetz","status":"publish","type":"post","link":"https:\/\/www.netz-barrierefrei.de\/wordpress\/meine-erfahrung-mit-dem-barrierefreiheitsstaerkungs-gesetz\/","title":{"rendered":"Meine Erfahrung mit dem Barrierefreiheitsst\u00e4rkungs-Gesetz"},"content":{"rendered":"<p><img loading=\"lazy\" decoding=\"async\" src=\"https:\/\/www.netz-barrierefrei.de\/wordpress\/wp-content\/uploads\/dj.jpg\" alt=\"Mit dem BFSG f\u00e4ngt die Arbeit erst an. \" width=\"1024\" height=\"1536\" class=\"alignleft size-full wp-image-10097\" srcset=\"https:\/\/www.netz-barrierefrei.de\/wordpress\/wp-content\/uploads\/dj.jpg 1024w, https:\/\/www.netz-barrierefrei.de\/wordpress\/wp-content\/uploads\/dj-200x300.jpg 200w, https:\/\/www.netz-barrierefrei.de\/wordpress\/wp-content\/uploads\/dj-683x1024.jpg 683w, https:\/\/www.netz-barrierefrei.de\/wordpress\/wp-content\/uploads\/dj-768x1152.jpg 768w\" sizes=\"auto, (max-width: 1024px) 100vw, 1024px\" \/><br \/>\n<iframe loading=\"lazy\" src=\"https:\/\/digitale-barrierefreiheit.podigee.io\/313-28-6-2025-warum-die-arbeit-mit-dem-bfsg-gerade-erst-los-geht\/embed?context=external&#038;theme=default\" style=\"border: 0\" frameBorder=\"0\" height=\"100\" width=\"100%\"><\/iframe><br \/>\nJetzt ist es also da, das BFSG. Die \u00dcbergangsfrist ist heute, am 28.6.2025 abgelaufen, die Expertinnen staunen und die Laien wundern sich.<br \/>\nObwohl ich lange dabei bin, war es auch f\u00fcr mich das erste Gesetz, das ich von seiner Entstehung im Rahmen des European Accessibility Act bis zu der Umsetzung live miterlebt bzw. verfolgt habe. Bei der BITV 2.0 2012 bzw. 2019 konnte man die Entwicklung mangels ausf\u00fchrlicher Kommunikation auf Social Media nicht so stark verfolgen, auch wenn es \u00e4hnlich viele Sorgenfalten ausgel\u00f6st haben d\u00fcrfte. <\/p>\n<div id=\"ez-toc-container\" class=\"ez-toc-v2_0_82_2 counter-hierarchy ez-toc-counter ez-toc-white ez-toc-container-direction\">\n<div class=\"ez-toc-title-container\">\n<p class=\"ez-toc-title\" style=\"cursor:inherit\">Inhalt<\/p>\n<span class=\"ez-toc-title-toggle\"><a href=\"#\" class=\"ez-toc-pull-right ez-toc-btn ez-toc-btn-xs ez-toc-btn-default ez-toc-toggle\" aria-label=\"Toggle Table of Content\"><span class=\"ez-toc-js-icon-con\"><span class=\"\"><span class=\"eztoc-hide\" style=\"display:none;\">Toggle<\/span><span class=\"ez-toc-icon-toggle-span\"><svg style=\"fill: #999;color:#999\" xmlns=\"http:\/\/www.w3.org\/2000\/svg\" class=\"list-377408\" width=\"20px\" height=\"20px\" viewBox=\"0 0 24 24\" fill=\"none\"><path d=\"M6 6H4v2h2V6zm14 0H8v2h12V6zM4 11h2v2H4v-2zm16 0H8v2h12v-2zM4 16h2v2H4v-2zm16 0H8v2h12v-2z\" fill=\"currentColor\"><\/path><\/svg><svg style=\"fill: #999;color:#999\" class=\"arrow-unsorted-368013\" xmlns=\"http:\/\/www.w3.org\/2000\/svg\" width=\"10px\" height=\"10px\" viewBox=\"0 0 24 24\" version=\"1.2\" baseProfile=\"tiny\"><path d=\"M18.2 9.3l-6.2-6.3-6.2 6.3c-.2.2-.3.4-.3.7s.1.5.3.7c.2.2.4.3.7.3h11c.3 0 .5-.1.7-.3.2-.2.3-.5.3-.7s-.1-.5-.3-.7zM5.8 14.7l6.2 6.3 6.2-6.3c.2-.2.3-.5.3-.7s-.1-.5-.3-.7c-.2-.2-.4-.3-.7-.3h-11c-.3 0-.5.1-.7.3-.2.2-.3.5-.3.7s.1.5.3.7z\"\/><\/svg><\/span><\/span><\/span><\/a><\/span><\/div>\n<nav><ul class='ez-toc-list ez-toc-list-level-1 ' ><li class='ez-toc-page-1 ez-toc-heading-level-2'><a class=\"ez-toc-link ez-toc-heading-1\" href=\"https:\/\/www.netz-barrierefrei.de\/wordpress\/meine-erfahrung-mit-dem-barrierefreiheitsstaerkungs-gesetz\/#Chaos_pur\" >Chaos pur<\/a><\/li><li class='ez-toc-page-1 ez-toc-heading-level-2'><a class=\"ez-toc-link ez-toc-heading-2\" href=\"https:\/\/www.netz-barrierefrei.de\/wordpress\/meine-erfahrung-mit-dem-barrierefreiheitsstaerkungs-gesetz\/#Schlechte_Kommunikation_durch_BF-Profis\" >Schlechte Kommunikation durch BF-Profis<\/a><\/li><li class='ez-toc-page-1 ez-toc-heading-level-2'><a class=\"ez-toc-link ez-toc-heading-3\" href=\"https:\/\/www.netz-barrierefrei.de\/wordpress\/meine-erfahrung-mit-dem-barrierefreiheitsstaerkungs-gesetz\/#Die_Verpflichteten_%E2%80%93_mehr_Schein_als_Sein\" >Die Verpflichteten &#8211; mehr Schein als Sein<\/a><\/li><li class='ez-toc-page-1 ez-toc-heading-level-2'><a class=\"ez-toc-link ez-toc-heading-4\" href=\"https:\/\/www.netz-barrierefrei.de\/wordpress\/meine-erfahrung-mit-dem-barrierefreiheitsstaerkungs-gesetz\/#Fazit_Alles_auf_Anfang\" >Fazit: Alles auf Anfang<\/a><\/li><\/ul><\/nav><\/div>\n<h2><span class=\"ez-toc-section\" id=\"Chaos_pur\"><\/span>Chaos pur<span class=\"ez-toc-section-end\"><\/span><\/h2>\n<p>Man muss sagen, dass die Umsetzung weniger als suboptimal gelaufen ist. W\u00e4hrend der European Accessibility Act noch halbwegs \u00fcberschaubar war, haben die nationalen Gesetze und ihre Unterschiede das Ziel konterkariert. Ein Ziel des EAA war ja der einheitliche Markt f\u00fcr Barrierefreiheit f\u00fcr die EU. Wie zu erwarten war wurde das Ziel verfehlt.<br \/>\nAber auch in Deutschland sto\u00dfen wir auf die \u00fcbliche Herausforderung. W\u00e4hrend viele Details haarklein festgelegt werden wurden viele gro\u00dfe Fragen offen gelassen. Standards, die im Grunde ben\u00f6tigt werden wie Normen zur Text-Gestaltung, zur Dokumentation oder die Konformit\u00e4tserkl\u00e4rung werden auf absehbare Zeit nicht fertig sein. Einige L\u00e4nder hatten bis zuletzt den Staatsvertrag nicht unterzeichnet, so dass die Markt\u00fcberwachung nicht ihre Arbeit aufnehmen konnte. Die Kommunikation der verantwortlichen Stellen war wenig konsistent, jede Antwort wirft neue Fragen auf. <\/p>\n<h2><span class=\"ez-toc-section\" id=\"Schlechte_Kommunikation_durch_BF-Profis\"><\/span>Schlechte Kommunikation durch BF-Profis<span class=\"ez-toc-section-end\"><\/span><\/h2>\n<p>Ich gelte nicht umsonst als Nestbeschmutzer in der BF-Szene, deshalb darf ich sie auch ungeniert kritisieren.<br \/>\nEinige BF-Profis haben, vermutlich durch Akquise-Interessen getrieben, eine sehr negative Kommunikation zum BFSG betrieben. Es wurde etwa suggeriert, alle Websites m\u00fcssten vollst\u00e4ndig barrierefrei sein, es m\u00fcsste Leichte Sprache verwendet werden und so weiter. Auch gab es jede Menge Newcomer, von denen man noch nie geh\u00f6rt hat, die auf einmal Expertise hatten. Es war und ist teilweise noch Wilder Westen, jeder, der drei Mal WCAG sagt, hat Chancen auf einen Auftragt. Statt f\u00fcr die Vorteile der Barrierefreiheit zu werben wurde nur noch \u00fcber das Gesetz gesprochen. Kein Wunder, dass viele nur das N\u00f6tigste machen wollen.<br \/>\nDiese toxische Kommunikation hat zus\u00e4tzlich zum Erfolg der Accessibility-Overlays beigetragen. Wer die Leute einsch\u00fcchtert statt sie aufzukl\u00e4ren treibt sie direkt in die Arme der Rattenf\u00e4nger. <\/p>\n<h2><span class=\"ez-toc-section\" id=\"Die_Verpflichteten_%E2%80%93_mehr_Schein_als_Sein\"><\/span>Die Verpflichteten &#8211; mehr Schein als Sein<span class=\"ez-toc-section-end\"><\/span><\/h2>\n<p>Leider ist auch auf Seite der Verpflichtenden vieles schief gelaufen. Ich nutze privat einige Angebote wie Banken-Dienstleistungen oder Onlineshops, da ist wenig besser und vieles sogar schlechter geworden im letzten Jahr. Sie sind von Konformit\u00e4t immer noch so weit entfernt wie vor dem BFSG.<br \/>\n1 Jahr oder f\u00fcnf Jahre \u00dcbergangsfrist macht leider keinen gro\u00dfen Unterschied. Viele haben sp\u00e4t, sehr viele zu sp\u00e4t angefangen. Sp\u00e4testens 2022 h\u00e4tte man entspannt loslegen k\u00f6nnen. Viele haben aber erst wenige Monate vor dem Juni 2025 angefangen, das Thema wurde offensichtlich komplett untersch\u00e4tzt. Wenn man wei\u00df, wie komplex Produktzyklen von der Implementierung von \u00c4nderungen bis zur Ver\u00f6ffentlichung sind, ist das Verhalten der Kunden nicht nachvollziebar.<br \/>\nIch habe bereits einige Erkl\u00e4rungen zur Barrierefreiheit f\u00fcr das BFSG gesehen und leider sind sie alle unzutreffend, wenn sie volle Konformit\u00e4t erkl\u00e4ren. Ich m\u00f6chte hier keine Namen nennen, auch wenn es nicht meine Kunden waren. Aber allein der Umstand, dass \u00dcberschriften in den Erkl\u00e4rungen einfach nur fett gemacht wurden statt sie korrekt als \u00dcberschriften auszuzeichnen zeigt, dass da noch viel zu tun ist. Und nein, das war nicht das einzige Problem, da war deutlich Schwerwiegenderes zu finden wie mangelnde Tastatur-Bedienbarkeit, Animationen ohne Pause-M\u00f6glichkeit oder Form-Elemente ohne Labels, also nichts, wor\u00fcber BF-Profis streiten w\u00fcrden.<br \/>\nAuch halte ich die Verwendung des Begriffs &#8222;Erkl\u00e4rung zur Barrierefreiheit&#8220; f\u00fcr einen Fehler. Das ist ein feststehender Begriff aus der BITV, wo klar definiert wird, was rein geh\u00f6rt. Man spricht im Kontext des BFSG eher von &#8222;Information zur Barrierefreiheit&#8220;. <\/p>\n<h2><span class=\"ez-toc-section\" id=\"Fazit_Alles_auf_Anfang\"><\/span>Fazit: Alles auf Anfang<span class=\"ez-toc-section-end\"><\/span><\/h2>\n<p>Zusammengefasst l\u00e4sst sich sagen, dass sich niemand mit Ruhm bekleckert hat: Die Beh\u00f6rden und Autorit\u00e4ten durch schlechte Kommunikation und ehlende Standards, die Kunden durch Abwarten und die BF-Profis durch toxische Kommunikation.<br \/>\nDer 28.6.2025 ist nicht das ende, sondern erst der Anfang einer Entwicklung. Zwar wird es auf absehbare Zeit keine neuen Gesetze geben. Andererseits \u00e4ndert sich die Haltung vieler Verbraucherinnen und Verb\u00e4nde. Der Druck, Barrierefreiheit besser und fl\u00e4chendeckend umzusetzen wird steigen. Die Kundinnen stimmen heute mit Maust, Tastatur und Screenreader ab und sind immer weniger bereit, schlechte Qualit\u00e4t zu dulden. <\/p>\n","protected":false},"excerpt":{"rendered":"<p>Jetzt ist es also da, das BFSG. Die \u00dcbergangsfrist ist heute, am 28.6.2025 abgelaufen, die Expertinnen staunen und die Laien wundern sich. Obwohl ich lange&#8230;<\/p>\n<div class=\"more-link-wrapper\"><a class=\"more-link\" href=\"https:\/\/www.netz-barrierefrei.de\/wordpress\/meine-erfahrung-mit-dem-barrierefreiheitsstaerkungs-gesetz\/\">Weiterlesen<span class=\"screen-reader-text\">Meine Erfahrung mit dem Barrierefreiheitsst\u00e4rkungs-Gesetz<\/span><\/a><\/div>\n","protected":false},"author":1,"featured_media":0,"comment_status":"closed","ping_status":"closed","sticky":false,"template":"","format":"standard","meta":{"footnotes":""},"categories":[1],"tags":[],"class_list":["post-10095","post","type-post","status-publish","format-standard","hentry","category-allgemein","entry"],"_links":{"self":[{"href":"https:\/\/www.netz-barrierefrei.de\/wordpress\/wp-json\/wp\/v2\/posts\/10095","targetHints":{"allow":["GET"]}}],"collection":[{"href":"https:\/\/www.netz-barrierefrei.de\/wordpress\/wp-json\/wp\/v2\/posts"}],"about":[{"href":"https:\/\/www.netz-barrierefrei.de\/wordpress\/wp-json\/wp\/v2\/types\/post"}],"author":[{"embeddable":true,"href":"https:\/\/www.netz-barrierefrei.de\/wordpress\/wp-json\/wp\/v2\/users\/1"}],"replies":[{"embeddable":true,"href":"https:\/\/www.netz-barrierefrei.de\/wordpress\/wp-json\/wp\/v2\/comments?post=10095"}],"version-history":[{"count":6,"href":"https:\/\/www.netz-barrierefrei.de\/wordpress\/wp-json\/wp\/v2\/posts\/10095\/revisions"}],"predecessor-version":[{"id":10113,"href":"https:\/\/www.netz-barrierefrei.de\/wordpress\/wp-json\/wp\/v2\/posts\/10095\/revisions\/10113"}],"wp:attachment":[{"href":"https:\/\/www.netz-barrierefrei.de\/wordpress\/wp-json\/wp\/v2\/media?parent=10095"}],"wp:term":[{"taxonomy":"category","embeddable":true,"href":"https:\/\/www.netz-barrierefrei.de\/wordpress\/wp-json\/wp\/v2\/categories?post=10095"},{"taxonomy":"post_tag","embeddable":true,"href":"https:\/\/www.netz-barrierefrei.de\/wordpress\/wp-json\/wp\/v2\/tags?post=10095"}],"curies":[{"name":"wp","href":"https:\/\/api.w.org\/{rel}","templated":true}]}}