{"id":4039,"date":"2022-12-04T19:41:46","date_gmt":"2022-12-04T17:41:46","guid":{"rendered":"https:\/\/www.netz-barrierefrei.de\/wordpress\/?p=4039"},"modified":"2023-09-16T18:51:38","modified_gmt":"2023-09-16T16:51:38","slug":"digitalisierung-als-chance-fuer-behinderte-menschen","status":"publish","type":"post","link":"https:\/\/www.netz-barrierefrei.de\/wordpress\/digitalisierung-als-chance-fuer-behinderte-menschen\/","title":{"rendered":"Digitalisierung und Barrierefreiheit &#8211; Chancen f\u00fcr behinderte Menschen"},"content":{"rendered":"<p>Sehende m\u00fcssen Papier lieben: Sie bedrucken Berge davon, schicken es hin- und her, scannen es ein, drucken es wieder aus, heften es ab, um es nie wieder anzuschauen.<br \/>\nGerade Beh\u00f6rden haben ein Faible daf\u00fcr, Papier zu verschicken, auch wenn es nicht um rechtssichere Infos geht und die Mail-Adresse eindeutig bekannt ist. Die sonst so knausrigen Beh\u00f6rden scheinen mit Vorliebe Geld f\u00fcr Porto und Druckertinte auszugeben.<br \/>\nDaran zeigt sich, wie weit weg wir von einer Digitalisierung sind. Vor nur 20 Jahren w\u00e4re es kaum denkbar gewesen, dass ein Gro\u00dfteil der Personen ihre Arbeit von zuhause macht: Es fehlte an Technik und Internetzugang. Doch wir k\u00f6nnten auch wesentlich weiter sein, wie L\u00e4nder wie Estland zeigen. In diesem Beitrag soll es aber um die Chancen der Digitalisierung f\u00fcr behinderte Menschen gehen. <\/p>\n<div id=\"ez-toc-container\" class=\"ez-toc-v2_0_82_2 counter-hierarchy ez-toc-counter ez-toc-white ez-toc-container-direction\">\n<div class=\"ez-toc-title-container\">\n<p class=\"ez-toc-title\" style=\"cursor:inherit\">Inhalt<\/p>\n<span class=\"ez-toc-title-toggle\"><a href=\"#\" class=\"ez-toc-pull-right ez-toc-btn ez-toc-btn-xs ez-toc-btn-default ez-toc-toggle\" aria-label=\"Toggle Table of Content\"><span class=\"ez-toc-js-icon-con\"><span class=\"\"><span class=\"eztoc-hide\" style=\"display:none;\">Toggle<\/span><span class=\"ez-toc-icon-toggle-span\"><svg style=\"fill: #999;color:#999\" xmlns=\"http:\/\/www.w3.org\/2000\/svg\" class=\"list-377408\" width=\"20px\" height=\"20px\" viewBox=\"0 0 24 24\" fill=\"none\"><path d=\"M6 6H4v2h2V6zm14 0H8v2h12V6zM4 11h2v2H4v-2zm16 0H8v2h12v-2zM4 16h2v2H4v-2zm16 0H8v2h12v-2z\" fill=\"currentColor\"><\/path><\/svg><svg style=\"fill: #999;color:#999\" class=\"arrow-unsorted-368013\" xmlns=\"http:\/\/www.w3.org\/2000\/svg\" width=\"10px\" height=\"10px\" viewBox=\"0 0 24 24\" version=\"1.2\" baseProfile=\"tiny\"><path d=\"M18.2 9.3l-6.2-6.3-6.2 6.3c-.2.2-.3.4-.3.7s.1.5.3.7c.2.2.4.3.7.3h11c.3 0 .5-.1.7-.3.2-.2.3-.5.3-.7s-.1-.5-.3-.7zM5.8 14.7l6.2 6.3 6.2-6.3c.2-.2.3-.5.3-.7s-.1-.5-.3-.7c-.2-.2-.4-.3-.7-.3h-11c-.3 0-.5.1-.7.3-.2.2-.3.5-.3.7s.1.5.3.7z\"\/><\/svg><\/span><\/span><\/span><\/a><\/span><\/div>\n<nav><ul class='ez-toc-list ez-toc-list-level-1 ' ><li class='ez-toc-page-1 ez-toc-heading-level-2'><a class=\"ez-toc-link ez-toc-heading-1\" href=\"https:\/\/www.netz-barrierefrei.de\/wordpress\/digitalisierung-als-chance-fuer-behinderte-menschen\/#Was_geht_digital\" >Was geht digital?<\/a><\/li><li class='ez-toc-page-1 ez-toc-heading-level-2'><a class=\"ez-toc-link ez-toc-heading-2\" href=\"https:\/\/www.netz-barrierefrei.de\/wordpress\/digitalisierung-als-chance-fuer-behinderte-menschen\/#Mentale_Barrieren_abbauen\" >Mentale Barrieren abbauen<\/a><\/li><li class='ez-toc-page-1 ez-toc-heading-level-2'><a class=\"ez-toc-link ez-toc-heading-3\" href=\"https:\/\/www.netz-barrierefrei.de\/wordpress\/digitalisierung-als-chance-fuer-behinderte-menschen\/#Was_hat_das_mit_Barrierefreiheit_zu_tun\" >Was hat das mit Barrierefreiheit zu tun?<\/a><\/li><li class='ez-toc-page-1 ez-toc-heading-level-2'><a class=\"ez-toc-link ez-toc-heading-4\" href=\"https:\/\/www.netz-barrierefrei.de\/wordpress\/digitalisierung-als-chance-fuer-behinderte-menschen\/#Chancen_der_Digitalisierung_fuer_behinderte_Menschen\" >Chancen der Digitalisierung f\u00fcr behinderte Menschen<\/a><\/li><li class='ez-toc-page-1 ez-toc-heading-level-2'><a class=\"ez-toc-link ez-toc-heading-5\" href=\"https:\/\/www.netz-barrierefrei.de\/wordpress\/digitalisierung-als-chance-fuer-behinderte-menschen\/#Corona_ist_eine_Chance\" >Corona ist eine Chance<\/a><\/li><\/ul><\/nav><\/div>\n<h2><span class=\"ez-toc-section\" id=\"Was_geht_digital\"><\/span>Was geht digital?<span class=\"ez-toc-section-end\"><\/span><\/h2>\n<p>Nat\u00fcrlich waren wir alle nicht auf eine globale Pandemie vorbereitet. Andererseits waren wir sp\u00e4testens seit Fridays for future angehalten, uns \u00f6kologischere L\u00f6sungen zu suchen. Der Reisezirkus der EU zwischen Stra\u00dfburg und Br\u00fcssel ist so ein peinliches Beispiel. Doch m\u00fcssen wir gar nicht so weit schauen, einen \u00e4hnlichen Unsinn finden wir zwischen alter und neuer Hauptstadt in Deutschland. Zehntausende von Menschen fliegen f\u00fcr kurze Termine zwischen A und B hin und her.<br \/>\nAber selbst diejenigen, die etwas davon verstehen tun sich mit der Digitalisierung schwer. Die Republica zum Beispiel, sie nennt sich gerne auch gro\u00dfe Internet- oder Digital-Konferenz. Aber sie tun sich schwer darin, eine Online-Konferenz auf die Beine zu stellen, obwohl daf\u00fcr der logistische Aufwand wesentlich geringer ist als f\u00fcr eine Pr\u00e4senzkonferenz. Gewiss ist das technisch eine gro\u00dfe Herausforderung. Aber es ist immer noch wesentlich weniger Aufwand als eine Pr\u00e4senzveranstaltung mit mehreren tausend Personen.<br \/>\nKleinere Veranstaltungen wie die Beyond Tellerrand lie\u00dfen sich, behaupte ich einmal k\u00fchn, problemlos digitalisieren. Nat\u00fcrlich m\u00fcssen die Konzepte angepasst werden. Vortr\u00e4ge vor einem Bildschirm zu halten ist auf jeden Fall gew\u00f6hnungsbed\u00fcrftig. Aber es ist auch kein Hexenwerk. Der O&#8217;Reily-Verlag zum Beispiel verk\u00fcndete j\u00fcngst, er wolle nur noch Online-Meetings abhalten.<br \/>\nNebenbei lie\u00dfe sich damit ein gro\u00dfes Problem l\u00f6sen: Viele Veranstaltungen finden in der Pampa statt, sprich, man muss ein- bis zwei Mal vom n\u00e4chsten gro\u00dfen Bahnhof umsteigen. Das ist f\u00fcr behinderte Menschen eine Herausforderung und f\u00fcr Gesunde zumindest ein \u00c4rgernis. Aber die Gro\u00dfstadt ist deutlich teurer, was Unterk\u00fcnfte und Veranstaltungsr\u00e4ume angeht. Das hei\u00dft, gerade Low-Budget-Veranstaltungen k\u00f6nnen nicht zentral stattfinden, wenn sie keinen gro\u00dfz\u00fcgigen Sponsoren finden. <\/p>\n<h2><span class=\"ez-toc-section\" id=\"Mentale_Barrieren_abbauen\"><\/span>Mentale Barrieren abbauen<span class=\"ez-toc-section-end\"><\/span><\/h2>\n<p>Der Widerstand gegen die digitale Kommunikation ist enorm. Dabei habe ich digitale Meetings h\u00e4ufig als produktiver als Face 2 Face empfunden: Die Agenda wird strenger befolgt, es gibt weniger abrupte Themenwechsel, weniger Alpham\u00e4nnchen-Gehabe, die Sitzungen sind zumeist k\u00fcrzer und disziplinierter. Klar gibts technische Probleme und der 3-j\u00e4hrige pl\u00e4rrt mal dazwischen. Aber bei Pr\u00e4senz-Meetings l\u00e4uft ja immer alles glatt, der Beamer funktioniert auf Anhieb mit dem Notebook, alle sind immer p\u00fcnktlich da und es finden auch nie laute Bauarbeiten statt&#8230;<br \/>\nNat\u00fcrlich wei\u00df ich um den Wert pers\u00f6nlicher Begegnungen. Ja, der pers\u00f6nliche Kontakt, war, ist und wird immer wichtig bleiben. XING, Facebook und Co. werden diesen Kontakt nicht \u00fcberfl\u00fcssig machen.<br \/>\nAber, und das ist ein gro\u00dfes Aber: Der pers\u00f6nliche Kontakt ist nicht alles. Er muss gegen die pers\u00f6nlichen, \u00f6konomischen und \u00f6kologischen Kosten aufgewogen werden. Kaum jemand hat seine Lebensfreude an einem Bahnhof, in einem Flughafen oder einem Hotelzimmer gefunden. Sechs- oder siebenstellige Reise-Budgets bessern die Bilanz sicher nicht auf. Nebenbei wundere ich mich, dass die ansonsten so knausrigen \u00f6ffentlichen Kassen diesen Reisezirkus finanzieren. Und nat\u00fcrlich die Umwelt, auch sie nimmt Schaden durch immer mehr Flugreisen, Bahnstrecken, Stra\u00dfen und dem Verkehr, der auf ihnen stattfindet. Eine Organisation kann sich nicht ernsthaft umweltbewusst nennen, wenn sie diesen Unsinn zul\u00e4sst. Atmosfair ist, als w\u00fcrde man jemandem ins Gesicht schlagen und ihm hinterher einen Eisbeutel gegen die Schwellung reichen.<br \/>\nIch behaupte, dass der Widerstand gegen digitale L\u00f6sungen vor allem mental bedingt ist und dass ein Gro\u00dfteil der heutigen Pr\u00e4senz-Termine sich digital abwickeln lie\u00dfe.<br \/>\nNehmen wir ein plastisches Beispiel: Die Gamer haben diese digitale Revolution schon vorweggenommen. Seitdem es die digitale Vernetzung gibt, kommunizieren sie global. Wer halbwegs Englisch kann &#8211; oder es lernen will &#8211; spielt eines dieser Online-Games. Kurioserweise haben diese Leute wohl die wenigsten Probleme damit, #stayathome zu befolgen, sie w\u00fcssten wahrscheinlich gar nicht, dass es dabei ein Problem geben k\u00f6nnte. Dar\u00fcber entstehen Freundschaften, obwohl sich die Betreffenden wahrscheinlich nie pers\u00f6nlich treffen werden. <\/p>\n<h2><span class=\"ez-toc-section\" id=\"Was_hat_das_mit_Barrierefreiheit_zu_tun\"><\/span>Was hat das mit Barrierefreiheit zu tun?<span class=\"ez-toc-section-end\"><\/span><\/h2>\n<p>Nat\u00fcrlich eine ganze Menge. Live-Streamings sind ganz nett, um von zuhause aus was mitzubekommen. Aber zuschauen und dabei sein sind zwei Paar Schuhe.<br \/>\nSprechen wir einmal \u00fcber nicht-digitale Barrieren: Geld ist eine davon, Entfernung, Fahrzeit und \u00dcbernachtung an fremden Orten ist ebenfalls eine Barriere. Viele behinderte Menschen k\u00f6nnen Pr\u00e4senz-Veranstaltungen deshalb nicht besuchen.<br \/>\nEin spannendes Thema sind auch kommunikative Barrieren: Digitalisierung macht es m\u00f6glich, dass Vortrag an Ort A stattfindet, der geh\u00f6rlose Teilnehmer an Ort B und der Geb\u00e4rdensprach-Dolmmetscher an Punkt C ist. Selbiges gilt nat\u00fcrlich f\u00fcr \u00dcbersetzungen in Leichte Sprache. <\/p>\n<h2><span class=\"ez-toc-section\" id=\"Chancen_der_Digitalisierung_fuer_behinderte_Menschen\"><\/span>Chancen der Digitalisierung f\u00fcr behinderte Menschen<span class=\"ez-toc-section-end\"><\/span><\/h2>\n<p>Viele Menschen mit einer psychischen oder chronischen Erkrankung k\u00f6nnen keiner geregelten Arbeit nachgehen. Sie haben Sch\u00fcbe, in denen sie nicht arbeiten k\u00f6nnen und niemand kann sagen, wann so ein Schub kommt. Mit regul\u00e4ren Arbeitszeitmodellen ist das aber nicht vereinbar.<br \/>\nF\u00fcr sie w\u00e4re Heimarbeit eine Chance, doch einer geregelten T\u00e4tigkeit nachzugehen. Sie k\u00f6nnten zum Beispiel ein bestimmtes Arbeitspensum vereinbaren, welches sie abarbeiten, wenn sie sich gut f\u00fchlen.<br \/>\nAuch f\u00fcr andere behinderte Menschen ist Heimarbeit eine Chance. F\u00fcr Blinde zum Beispiel ist Pendeln mit den \u00d6ffis eine Herausforderung, ebenso wie f\u00fcr andere mobilit\u00e4ts-eingeschr\u00e4nkte Personen.<br \/>\nUnd vergessen wir nicht die Gruppe, die bei COVID19 im Vordergrund steht, die Menschen mit einem geschw\u00e4chten Immunsystem, f\u00fcr die ein kleiner Infekt lange Krankheit oder Tod bedeuten kann. Ich bezweifle, dass sie sich in voll besetzten Intercitys oder Flugzeugen schon vor der Corona-Krise besonders wohl gef\u00fchlt haben.<br \/>\nAuch ein Studium oder eine Berufsausbildung k\u00f6nnten auf diesem Wege absolviert werden. Leider fehlt es dem Staat bisher an der n\u00f6tigen Flexibilit\u00e4t, es ist dieser Kult um physische Pr\u00e4senz, der Innovationen ausbremst.<br \/>\nOder bleiben wir bei meinem Lieblingsthema: Papier. Zwar kann man mittlerweile einen schnellen Scan mit dem Smartphone machen. Dennoch wei\u00df man als Blinder nie, was man da eigentlich unterschreibt. Das Ganze digital abzuwickeln w\u00fcrde uns viel von dieser Sorge nehmen. Und es gibt noch unz\u00e4hlige weitere Beispiele.<br \/>\nVoraussetzung ist nat\u00fcrlich immer, dass die Bedingungen zuhause passen. Die Technik muss ausreichend sein, das Internet schnell genug, es muss ein geeigneter Raum zur Verf\u00fcgung stehen.<br \/>\nEbenso muss nat\u00fcrlich die verwendete Technik barrierefrei sein, wenn die Person darauf angewiesen ist. Viele der Konferenz-L\u00f6sungen sowie der Tools zum Zugriff auf die Firmen-Infrastruktur sind das leider nicht. <\/p>\n<h2><span class=\"ez-toc-section\" id=\"Corona_ist_eine_Chance\"><\/span>Corona ist eine Chance<span class=\"ez-toc-section-end\"><\/span><\/h2>\n<p>Ich bin ja kein Fan von Kalenderspr\u00fcchen a la &#8222;Krise als Chance&#8220;. Das w\u00e4re bei der Corona-Krise und ihrer dramatischen Folgen f\u00fcr die Betroffenen auch nicht angemessen.<br \/>\nDennoch bleibt zu hoffen, dass die Krise der Digitalisierung einen Schub gibt. Denn bisher bleibt Deutschland weit hinter anderen L\u00e4ndern zur\u00fcck und bremst damit auch die Barrierefreiheit aus. <\/p>\n<ul>\n<li><a href=\"https:\/\/www.netz-barrierefrei.de\/wordpress\/welche-tools-zur-online-kommunikation-sind-barrierefrei\/\">Tools zur barrierefreien Online-Kommunikation<\/a><\/li>\n<li><a href=\"https:\/\/www.netz-barrierefrei.de\/wordpress\/home-office-fuer-menschen-mit-behinderung-ausweg-oder-sakcgasse\/\">Home Office und Behinderung<\/a><\/li>\n<li><a href=\"https:\/\/www.netz-barrierefrei.de\/wordpress\/gesellschaft\/barrierefreie-online-veranstaltungen\/\">Barrierefreie Online-Veranstaltungen<\/a><\/li>\n<li><a href=\"https:\/\/netz-barrierefrei.de\/en\/Digitization%20.html\">Digitization and accessibility &#8211; opportunities for disabled persons<\/a><\/li>\n<\/ul>\n","protected":false},"excerpt":{"rendered":"<p>Sehende m\u00fcssen Papier lieben: Sie bedrucken Berge davon, schicken es hin- und her, scannen es ein, drucken es wieder aus, heften es ab, um es&#8230;<\/p>\n<div class=\"more-link-wrapper\"><a class=\"more-link\" href=\"https:\/\/www.netz-barrierefrei.de\/wordpress\/digitalisierung-als-chance-fuer-behinderte-menschen\/\">Weiterlesen<span class=\"screen-reader-text\">Digitalisierung und Barrierefreiheit &#8211; Chancen f\u00fcr behinderte Menschen<\/span><\/a><\/div>\n","protected":false},"author":1,"featured_media":0,"comment_status":"open","ping_status":"closed","sticky":false,"template":"","format":"standard","meta":{"footnotes":""},"categories":[17],"tags":[],"class_list":["post-4039","post","type-post","status-publish","format-standard","hentry","category-barrierefreiheit","entry"],"_links":{"self":[{"href":"https:\/\/www.netz-barrierefrei.de\/wordpress\/wp-json\/wp\/v2\/posts\/4039","targetHints":{"allow":["GET"]}}],"collection":[{"href":"https:\/\/www.netz-barrierefrei.de\/wordpress\/wp-json\/wp\/v2\/posts"}],"about":[{"href":"https:\/\/www.netz-barrierefrei.de\/wordpress\/wp-json\/wp\/v2\/types\/post"}],"author":[{"embeddable":true,"href":"https:\/\/www.netz-barrierefrei.de\/wordpress\/wp-json\/wp\/v2\/users\/1"}],"replies":[{"embeddable":true,"href":"https:\/\/www.netz-barrierefrei.de\/wordpress\/wp-json\/wp\/v2\/comments?post=4039"}],"version-history":[{"count":11,"href":"https:\/\/www.netz-barrierefrei.de\/wordpress\/wp-json\/wp\/v2\/posts\/4039\/revisions"}],"predecessor-version":[{"id":8483,"href":"https:\/\/www.netz-barrierefrei.de\/wordpress\/wp-json\/wp\/v2\/posts\/4039\/revisions\/8483"}],"wp:attachment":[{"href":"https:\/\/www.netz-barrierefrei.de\/wordpress\/wp-json\/wp\/v2\/media?parent=4039"}],"wp:term":[{"taxonomy":"category","embeddable":true,"href":"https:\/\/www.netz-barrierefrei.de\/wordpress\/wp-json\/wp\/v2\/categories?post=4039"},{"taxonomy":"post_tag","embeddable":true,"href":"https:\/\/www.netz-barrierefrei.de\/wordpress\/wp-json\/wp\/v2\/tags?post=4039"}],"curies":[{"name":"wp","href":"https:\/\/api.w.org\/{rel}","templated":true}]}}