{"id":5269,"date":"2021-03-08T18:35:10","date_gmt":"2021-03-08T16:35:10","guid":{"rendered":"https:\/\/www.netz-barrierefrei.de\/wordpress\/?p=5269"},"modified":"2021-05-06T08:45:49","modified_gmt":"2021-05-06T06:45:49","slug":"barrierefrei-ist-mehr-als-screenreader","status":"publish","type":"post","link":"https:\/\/www.netz-barrierefrei.de\/wordpress\/barrierefrei-ist-mehr-als-screenreader\/","title":{"rendered":"Barrierefrei ist mehr als Sprachausgabe und Alternativtext"},"content":{"rendered":"<p><img loading=\"lazy\" decoding=\"async\" src=\"https:\/\/www.netz-barrierefrei.de\/wordpress\/wp-content\/uploads\/inklusion-gruppe-menschen.jpg\" alt=\"inklusion-gruppe-menschen\" width=\"960\" height=\"327\" class=\"alignleft size-full wp-image-5271\" srcset=\"https:\/\/www.netz-barrierefrei.de\/wordpress\/wp-content\/uploads\/inklusion-gruppe-menschen.jpg 960w, https:\/\/www.netz-barrierefrei.de\/wordpress\/wp-content\/uploads\/inklusion-gruppe-menschen-300x102.jpg 300w, https:\/\/www.netz-barrierefrei.de\/wordpress\/wp-content\/uploads\/inklusion-gruppe-menschen-768x262.jpg 768w\" sizes=\"auto, (max-width: 960px) 100vw, 960px\" \/>In den letzten Jahren haben erfreulicherweise die Artikel \u00fcber digitale Barrierefreiheit zugenommen. Fast jeden Tag erhalte ich Hinweise auf Beitr\u00e4ge bei Spiegel Online und Co. Allerdings verbreite ich diese Artikel selten weiter, weil sie meines Erachtens zu stark auf Blindheit fokussieren. Wie oft lese ich auf Twitter sinngem\u00e4\u00df: &#8222;Es funktioniert mit Sprachausgabe, also ist es barrierefrei&#8220;. Das offenbart eine falsche Ansicht von Barrierefreiheit. Die umgekehrte Aussage &#8222;Es funktioniert nicht mit Sprachausgabe, also ist es nicht barrierefrei&#8220; w\u00e4re hingegen vollkommen korrekt.<br \/>\nDas erinnert mich an einen ehemaligen Schulkameraden, der jetzt Fachinformatiker ist. Ich erz\u00e4hle ihm, die Anwendung X w\u00e4re nicht barrierefrei, genauer gesagt nicht mit Screenreader nutzbar. Er sagt dann regelm\u00e4\u00dfig: Doch, die ist barrierefrei, Du musst einfach nur&#8230; stellen Sie sich eine gewundene Anleitung vor, die etwas mit Fensterklassen und Screenreader-Cursorn zu tun hat, von denen ich noch nie geh\u00f6rt habe, au\u00dferdem sollen vier Tasten gleichzeitig gedr\u00fcckt und vorher noch das Soundso-Skript heruntergeladen werden. Er hat eine etwas verschrobene Vorstellung von einfach, aber auch wie viele super-fitte Blinde das Konzept von Barrierefreiheit nicht ganz verstanden. Viele von ihnen haben kein Gef\u00fchl f\u00fcr die technischen F\u00e4higkeiten anderer Blinder oder eine Idee davon, dass man auch mehrere Einschr\u00e4nkungen haben kann, dass also etwas, was f\u00fcr sie gut funktioniert f\u00fcr andere Blinde oder andere Behinderte nicht gut funktionieren muss. <\/p>\n<div id=\"ez-toc-container\" class=\"ez-toc-v2_0_82_2 counter-hierarchy ez-toc-counter ez-toc-white ez-toc-container-direction\">\n<div class=\"ez-toc-title-container\">\n<p class=\"ez-toc-title\" style=\"cursor:inherit\">Inhalt<\/p>\n<span class=\"ez-toc-title-toggle\"><a href=\"#\" class=\"ez-toc-pull-right ez-toc-btn ez-toc-btn-xs ez-toc-btn-default ez-toc-toggle\" aria-label=\"Toggle Table of Content\"><span class=\"ez-toc-js-icon-con\"><span class=\"\"><span class=\"eztoc-hide\" style=\"display:none;\">Toggle<\/span><span class=\"ez-toc-icon-toggle-span\"><svg style=\"fill: #999;color:#999\" xmlns=\"http:\/\/www.w3.org\/2000\/svg\" class=\"list-377408\" width=\"20px\" height=\"20px\" viewBox=\"0 0 24 24\" fill=\"none\"><path d=\"M6 6H4v2h2V6zm14 0H8v2h12V6zM4 11h2v2H4v-2zm16 0H8v2h12v-2zM4 16h2v2H4v-2zm16 0H8v2h12v-2z\" fill=\"currentColor\"><\/path><\/svg><svg style=\"fill: #999;color:#999\" class=\"arrow-unsorted-368013\" xmlns=\"http:\/\/www.w3.org\/2000\/svg\" width=\"10px\" height=\"10px\" viewBox=\"0 0 24 24\" version=\"1.2\" baseProfile=\"tiny\"><path d=\"M18.2 9.3l-6.2-6.3-6.2 6.3c-.2.2-.3.4-.3.7s.1.5.3.7c.2.2.4.3.7.3h11c.3 0 .5-.1.7-.3.2-.2.3-.5.3-.7s-.1-.5-.3-.7zM5.8 14.7l6.2 6.3 6.2-6.3c.2-.2.3-.5.3-.7s-.1-.5-.3-.7c-.2-.2-.4-.3-.7-.3h-11c-.3 0-.5.1-.7.3-.2.2-.3.5-.3.7s.1.5.3.7z\"\/><\/svg><\/span><\/span><\/span><\/a><\/span><\/div>\n<nav><ul class='ez-toc-list ez-toc-list-level-1 ' ><li class='ez-toc-page-1 ez-toc-heading-level-2'><a class=\"ez-toc-link ez-toc-heading-1\" href=\"https:\/\/www.netz-barrierefrei.de\/wordpress\/barrierefrei-ist-mehr-als-screenreader\/#Draengeln_sich_die_Blinden_vor\" >Dr\u00e4ngeln sich die Blinden vor<\/a><\/li><li class='ez-toc-page-1 ez-toc-heading-level-2'><a class=\"ez-toc-link ez-toc-heading-2\" href=\"https:\/\/www.netz-barrierefrei.de\/wordpress\/barrierefrei-ist-mehr-als-screenreader\/#Blindheit_ist_plastisch\" >Blindheit ist plastisch<\/a><\/li><li class='ez-toc-page-1 ez-toc-heading-level-2'><a class=\"ez-toc-link ez-toc-heading-3\" href=\"https:\/\/www.netz-barrierefrei.de\/wordpress\/barrierefrei-ist-mehr-als-screenreader\/#Fazit_Blindheit_ist_wichtig_aber_nicht_alles\" >Fazit: Blindheit ist wichtig, aber nicht alles<\/a><\/li><\/ul><\/nav><\/div>\n<h2><span class=\"ez-toc-section\" id=\"Draengeln_sich_die_Blinden_vor\"><\/span>Dr\u00e4ngeln sich die Blinden vor<span class=\"ez-toc-section-end\"><\/span><\/h2>\n<p>Meistens beginnen die Artikel vielversprechend. Liest man aber zwei Abs\u00e4tze weiter, werden nur noch Sprachausgaben und Alternativtexte erw\u00e4hnt. Ein sch\u00f6nes Beispiel war ein Artikel &#8211; ich verlinke ihn hier absichtlich nicht &#8211; wo zun\u00e4chst ein blinder Nutzer und anschlie\u00dfend ein blinder Entwickler vorgestellt wurden. Der Eine vertrat die Nutzer:Innen-Perspektive, der Andere die Entwickler:Innen-Perspektive.<br \/>\nDas ist nett, scheint mir aber nicht ausgewogen zu sein. Es gibt sicher Autist:Innen oder Geh\u00f6rlose, welche die eine oder andere Perspektive h\u00e4tten beisteuern k\u00f6nnen. Es leuchtet nicht ein, warum Blinde, deren Belange bei digitaler Barrierefreiheit eigentlich immer erw\u00e4hnt werden, so deutlich hervorgehoben werden. Wenn ich etwa interviewt werde, muss ich nat\u00fcrlich etwas zum Thema Blindheit sagen, aber ich erw\u00e4hne auch immer weitere Gruppen, weil ich finde, dass sie im Diskurs um digitale Barrierefreiheit vergessen werden, im \u00fcbrigen auch von Leuten, die sich in der Materie auskennen. Ich lese zum beispiel etwas \u00fcber Alternativtexte und Gro\u00dfschreibung bei Hashtags, aber das die Tweets in einer Sprache geschrieben sind, die nicht mal ich als Akademiker verstehe kommt nicht vor. Oder die Unart, irgendwelche Standpunkte oder anderen Bl\u00f6dsinn in den Twitternamen zu packen, so dass man erst irgendeinen Bl\u00f6dsinn vorgelesen bekommt, bevor man den Tweet zu lesen bekommt. Es ist eben typisch f\u00fcr Sehende, die nicht kapiert haben, dass Blinde solche Dinge nicht einfach \u00fcberspringen k\u00f6nnen. <\/p>\n<h2><span class=\"ez-toc-section\" id=\"Blindheit_ist_plastisch\"><\/span>Blindheit ist plastisch<span class=\"ez-toc-section-end\"><\/span><\/h2>\n<p>Der Grund daf\u00fcr ist klar, die Belange von Blinden lassen sich sehr einfach beschreiben. Der Alternativtext wird so gerne erw\u00e4hnt, weil er als Beispiel einfach und einleuchtend ist.<br \/>\nUnd es stimmt auch teilweise: Ist eine Webseite per Tastatur bedienbar, sind Formular-Beschriftungen richtig gesetzt und ist die Semantik korrekt, k\u00f6nnen auch andere wie Tastatur- oder Sprachausgaben-Nutzer:Innen profitieren.<br \/>\nAllerdings sind die Schnittmengen damit fast schon ersch\u00f6pft. Blinden ist der Kontrast einer Webseite v\u00f6llig egal, aber der viel gr\u00f6\u00dferen Gruppe der Sehbehinderten durchaus nicht.<br \/>\nNoch schwieriger wird es beim Thema kognitive Behinderung, Geh\u00f6rlosigkeit oder Lernbehinderung. Die erstere Gruppe wurde in den Richtlinien bislang stark vernachl\u00e4ssigt. Bei den letzten beiden Gruppen wissen wir, dass Leichte und Geb\u00e4rdensprache die L\u00f6sung w\u00e4ren, setzen es aber unzureichend um. Aber nur, weil deren Belange schwerer zu beschreiben sind hei\u00dft das nicht, dass man sie im Diskurs unterschlagen darf. <\/p>\n<h2><span class=\"ez-toc-section\" id=\"Fazit_Blindheit_ist_wichtig_aber_nicht_alles\"><\/span>Fazit: Blindheit ist wichtig, aber nicht alles<span class=\"ez-toc-section-end\"><\/span><\/h2>\n<p>Seitdem ich mich mit dem Thema Barrierefreiheit besch\u00e4ftige wundere ich mich, wie viel Gewicht auf das Thema Blindheit gelegt wird und wie wenig die anderen Personengruppen Erw\u00e4hnung finden. Es ist nicht weiter erstaunlich, dass Blinde sich selbst in den Vordergrund stellen, man kann das als Gruppen-Egoismus begreifen. Das ist allerdings recht engstirnig. Wir finden es auch nicht sch\u00f6n, dass r\u00e4umliche Barrierefreiheit vor allem aus der Perspektive der Gehbehinderung gedacht wird. Meines Wissens gibt es keine andere Gruppe, die behaupten w\u00fcrde, eine Webseite sei barrierefrei, weil sie f\u00fcr ihre Form von Behinderung funktioniert. Wir Blinde tun das andauernd.<br \/>\nNat\u00fcrlich ist es vollkommen legitim, f\u00fcr die eigenen Interessen bzw. Gruppen-Interessen zu k\u00e4mpfen. Das sollte man dann aber nicht mit einem Kampf f\u00fcr mehr Barrierefreiheit verwechseln.<br \/>\nIch darf meine blinden Leser:Innen um ein wenig mehr Generosit\u00e4t und Weitblick gegen\u00fcber anderen Betroffenen-Gruppen bitten. Wenn wir bei diesem Thema st\u00e4rker nach links und rechts schauen und andere Gruppen einbeziehen, werden wir &#8211; da bin ich mir sicher &#8211; alle profitieren. <\/p>\n","protected":false},"excerpt":{"rendered":"<p>In den letzten Jahren haben erfreulicherweise die Artikel \u00fcber digitale Barrierefreiheit zugenommen. Fast jeden Tag erhalte ich Hinweise auf Beitr\u00e4ge bei Spiegel Online und Co.&#8230;<\/p>\n<div class=\"more-link-wrapper\"><a class=\"more-link\" href=\"https:\/\/www.netz-barrierefrei.de\/wordpress\/barrierefrei-ist-mehr-als-screenreader\/\">Weiterlesen<span class=\"screen-reader-text\">Barrierefrei ist mehr als Sprachausgabe und Alternativtext<\/span><\/a><\/div>\n","protected":false},"author":1,"featured_media":0,"comment_status":"open","ping_status":"closed","sticky":false,"template":"","format":"standard","meta":{"footnotes":""},"categories":[1],"tags":[],"class_list":["post-5269","post","type-post","status-publish","format-standard","hentry","category-allgemein","entry"],"_links":{"self":[{"href":"https:\/\/www.netz-barrierefrei.de\/wordpress\/wp-json\/wp\/v2\/posts\/5269","targetHints":{"allow":["GET"]}}],"collection":[{"href":"https:\/\/www.netz-barrierefrei.de\/wordpress\/wp-json\/wp\/v2\/posts"}],"about":[{"href":"https:\/\/www.netz-barrierefrei.de\/wordpress\/wp-json\/wp\/v2\/types\/post"}],"author":[{"embeddable":true,"href":"https:\/\/www.netz-barrierefrei.de\/wordpress\/wp-json\/wp\/v2\/users\/1"}],"replies":[{"embeddable":true,"href":"https:\/\/www.netz-barrierefrei.de\/wordpress\/wp-json\/wp\/v2\/comments?post=5269"}],"version-history":[{"count":4,"href":"https:\/\/www.netz-barrierefrei.de\/wordpress\/wp-json\/wp\/v2\/posts\/5269\/revisions"}],"predecessor-version":[{"id":5458,"href":"https:\/\/www.netz-barrierefrei.de\/wordpress\/wp-json\/wp\/v2\/posts\/5269\/revisions\/5458"}],"wp:attachment":[{"href":"https:\/\/www.netz-barrierefrei.de\/wordpress\/wp-json\/wp\/v2\/media?parent=5269"}],"wp:term":[{"taxonomy":"category","embeddable":true,"href":"https:\/\/www.netz-barrierefrei.de\/wordpress\/wp-json\/wp\/v2\/categories?post=5269"},{"taxonomy":"post_tag","embeddable":true,"href":"https:\/\/www.netz-barrierefrei.de\/wordpress\/wp-json\/wp\/v2\/tags?post=5269"}],"curies":[{"name":"wp","href":"https:\/\/api.w.org\/{rel}","templated":true}]}}