{"id":5919,"date":"2022-09-21T07:51:22","date_gmt":"2022-09-21T05:51:22","guid":{"rendered":"https:\/\/www.netz-barrierefrei.de\/wordpress\/?p=5919"},"modified":"2023-07-21T15:26:15","modified_gmt":"2023-07-21T13:26:15","slug":"reframing-barrierefreiheit","status":"publish","type":"post","link":"https:\/\/www.netz-barrierefrei.de\/wordpress\/reframing-barrierefreiheit\/","title":{"rendered":"Warum Projekte zur digitalen Barrierefreiheit h\u00e4ufig scheitern"},"content":{"rendered":"<p><iframe loading=\"lazy\" style=\"border: 0;\" src=\"https:\/\/digitale-barrierefreiheit.podigee.io\/73-projektmanagement\/embed?context=external&amp;theme=default\" width=\"100%\" height=\"100\" frameborder=\"0\"><\/iframe><br \/>\nBarrierefreiheit ist ein komplexes Projekt. Nach meiner Erfahrung sind es aber vor allem drei Aspekte, an denen Barrierefreiheits-Projekte haupts\u00e4chlich scheitern oder den Rahmen sprengen.<\/p>\n<div id=\"ez-toc-container\" class=\"ez-toc-v2_0_82_2 counter-hierarchy ez-toc-counter ez-toc-white ez-toc-container-direction\">\n<div class=\"ez-toc-title-container\">\n<p class=\"ez-toc-title\" style=\"cursor:inherit\">Inhalt<\/p>\n<span class=\"ez-toc-title-toggle\"><a href=\"#\" class=\"ez-toc-pull-right ez-toc-btn ez-toc-btn-xs ez-toc-btn-default ez-toc-toggle\" aria-label=\"Toggle Table of Content\"><span class=\"ez-toc-js-icon-con\"><span class=\"\"><span class=\"eztoc-hide\" style=\"display:none;\">Toggle<\/span><span class=\"ez-toc-icon-toggle-span\"><svg style=\"fill: #999;color:#999\" xmlns=\"http:\/\/www.w3.org\/2000\/svg\" class=\"list-377408\" width=\"20px\" height=\"20px\" viewBox=\"0 0 24 24\" fill=\"none\"><path d=\"M6 6H4v2h2V6zm14 0H8v2h12V6zM4 11h2v2H4v-2zm16 0H8v2h12v-2zM4 16h2v2H4v-2zm16 0H8v2h12v-2z\" fill=\"currentColor\"><\/path><\/svg><svg style=\"fill: #999;color:#999\" class=\"arrow-unsorted-368013\" xmlns=\"http:\/\/www.w3.org\/2000\/svg\" width=\"10px\" height=\"10px\" viewBox=\"0 0 24 24\" version=\"1.2\" baseProfile=\"tiny\"><path d=\"M18.2 9.3l-6.2-6.3-6.2 6.3c-.2.2-.3.4-.3.7s.1.5.3.7c.2.2.4.3.7.3h11c.3 0 .5-.1.7-.3.2-.2.3-.5.3-.7s-.1-.5-.3-.7zM5.8 14.7l6.2 6.3 6.2-6.3c.2-.2.3-.5.3-.7s-.1-.5-.3-.7c-.2-.2-.4-.3-.7-.3h-11c-.3 0-.5.1-.7.3-.2.2-.3.5-.3.7s.1.5.3.7z\"\/><\/svg><\/span><\/span><\/span><\/a><\/span><\/div>\n<nav><ul class='ez-toc-list ez-toc-list-level-1 ' ><li class='ez-toc-page-1 ez-toc-heading-level-2'><a class=\"ez-toc-link ez-toc-heading-1\" href=\"https:\/\/www.netz-barrierefrei.de\/wordpress\/reframing-barrierefreiheit\/#Priorisierung\" >Priorisierung<\/a><\/li><li class='ez-toc-page-1 ez-toc-heading-level-2'><a class=\"ez-toc-link ez-toc-heading-2\" href=\"https:\/\/www.netz-barrierefrei.de\/wordpress\/reframing-barrierefreiheit\/#Mitarbeitende_qualifizieren\" >Mitarbeitende qualifizieren<\/a><\/li><li class='ez-toc-page-1 ez-toc-heading-level-2'><a class=\"ez-toc-link ez-toc-heading-3\" href=\"https:\/\/www.netz-barrierefrei.de\/wordpress\/reframing-barrierefreiheit\/#Klare_Briefings\" >Klare Briefings<\/a><\/li><li class='ez-toc-page-1 ez-toc-heading-level-2'><a class=\"ez-toc-link ez-toc-heading-4\" href=\"https:\/\/www.netz-barrierefrei.de\/wordpress\/reframing-barrierefreiheit\/#Fazit\" >Fazit<\/a><\/li><\/ul><\/nav><\/div>\n<h2><span class=\"ez-toc-section\" id=\"Priorisierung\"><\/span>Priorisierung<span class=\"ez-toc-section-end\"><\/span><\/h2>\n<p>Meine Kund:Innen k\u00f6nnen es nicht mehr h\u00f6ren: Egal bei welchem Thema, m\u00f6chten oder m\u00fcssen Sie Barrierefreiheit umsetzen, m\u00fcssen Sie es von Anfang an mit einplanen. Wenn Sie das nicht tun, sind Sie selbst daf\u00fcr verantwortlich, wenn ein Projekt scheitert oder sich wesentlich verz\u00f6gert. Mir gef\u00e4llt das Bild mit dem Rosinenkuchen. Sie backen nicht zuerst den Kuchen und versuchen hinteher, die Rosinen irgendwie mit reinzubringen.<br \/>\nDigitale Barrierefreiheit wird h\u00e4ufig runterpirorisiert, woran das Projekt scheitern oder sich in die L\u00e4nge ziehen kann.<\/p>\n<h2><span class=\"ez-toc-section\" id=\"Mitarbeitende_qualifizieren\"><\/span>Mitarbeitende qualifizieren<span class=\"ez-toc-section-end\"><\/span><\/h2>\n<p>Die Mitarbeitenden sehen h\u00e4ufig nicht die Notwendigkeit von Ma\u00dfnahmen der Barrierefreiheit ein. Deswegen werden sie viele Dinge schlampig umsetzen. Deshalb sind Schulungen und Sensibilisierungen notwendig: Schulungen, damit die Beteiligten wissen, wie sie es umsetzen sollen, Sensibilisierung, damit sie wissen, warum sie es umsetzen sollen. Es gibt mittlerweile zahlreiche Angebote von kostenlosen YouTube-Channels bis s\u00fcndhaft teuren Schulungspaketen, da wird auch f\u00fcr Ihre Organisation etwas dabei sein. Das Argument, es sei zu teuer, ist bei den vielf\u00e4ltigen Angeboten nicht mehr akzeptabel.<br \/>\nEin wichtiger Grund f\u00fcrs Scheitern ist auch das mangelnde Interesse der F\u00fchrungskr\u00e4fte. Das reicht vom verantwortlichen Projektmanager bis hin zur Gesch\u00e4ftsf\u00fchrung. Die Erfahrung zeigt, dass das mangelnde Interesse, aktiv oder passiv zur Schau gestellt, auch bei den Beteiligten das Interesse an der Umsetzung mindert.<\/p>\n<h2><span class=\"ez-toc-section\" id=\"Klare_Briefings\"><\/span>Klare Briefings<span class=\"ez-toc-section-end\"><\/span><\/h2>\n<p>Auch das k\u00f6nnen meine Kund:Innen nicht mehr h\u00f6ren, aber wir brauchen klare Briefings. &#8222;Machen Sie es barrierefrei&#8220; ist so hilfreich wie &#8222;Leben Sie gesund&#8220;. Vor allem f\u00fcr unerfahrene Dienstleister sind klare Anforderungen und Rahmenbedingungen wichtig. F\u00fcr interne Redakteure zum Beispiel sind auch Anleitungen zu erstellen. Der Kunde muss kein Experte sein, aber er muss entweder genau definieren, was er will oder er muss sich seiner mangelnden Expertise bewusst sein und sich von uns beraten lassen &#8211; als kostenpflichtige Dienstleistung, versteht sich. Und er muss auch bereit sein, diese Empfehlungen umzusetzen oder die Verantwortung zu \u00fcbernehmen, wenn er es nicht tut.<\/p>\n<h2><span class=\"ez-toc-section\" id=\"Fazit\"><\/span>Fazit<span class=\"ez-toc-section-end\"><\/span><\/h2>\n<p>Wenn ich rekapituliere, scheitern bzw. verz\u00f6gern sich die meisten Barrierefreiheits-Ma\u00dfnahmen wegen der drei oben genannten Faktoren. Es ist so kompliziert, weil man es sich selber zu schwer macht.<br \/>\nIm Endeffekt ist es eine Frage des richtigen bzw. falschen Framings: Viele Verantwortliche betrachten Barrierefreiheit noch immer aus einer Perspektive der Wohlt\u00e4tigkeit &#8211; kann man tun, aber auch lassen. Stattdessen sollte es als Mehrwert f\u00fcr alle und Qualit\u00e4tsmerkmal betrachtet werden.<\/p>\n<p><a href=\"https:\/\/netz-barrierefrei.de\/en\/projects.html\">Why digital accessibility projects often fail<\/a><\/p>\n","protected":false},"excerpt":{"rendered":"<p>Barrierefreiheit ist ein komplexes Projekt. Nach meiner Erfahrung sind es aber vor allem drei Aspekte, an denen Barrierefreiheits-Projekte haupts\u00e4chlich scheitern oder den Rahmen sprengen. Priorisierung&#8230;<\/p>\n<div class=\"more-link-wrapper\"><a class=\"more-link\" href=\"https:\/\/www.netz-barrierefrei.de\/wordpress\/reframing-barrierefreiheit\/\">Weiterlesen<span class=\"screen-reader-text\">Warum Projekte zur digitalen Barrierefreiheit h\u00e4ufig scheitern<\/span><\/a><\/div>\n","protected":false},"author":1,"featured_media":0,"comment_status":"open","ping_status":"closed","sticky":false,"template":"","format":"standard","meta":{"footnotes":""},"categories":[1],"tags":[],"class_list":["post-5919","post","type-post","status-publish","format-standard","hentry","category-allgemein","entry"],"_links":{"self":[{"href":"https:\/\/www.netz-barrierefrei.de\/wordpress\/wp-json\/wp\/v2\/posts\/5919","targetHints":{"allow":["GET"]}}],"collection":[{"href":"https:\/\/www.netz-barrierefrei.de\/wordpress\/wp-json\/wp\/v2\/posts"}],"about":[{"href":"https:\/\/www.netz-barrierefrei.de\/wordpress\/wp-json\/wp\/v2\/types\/post"}],"author":[{"embeddable":true,"href":"https:\/\/www.netz-barrierefrei.de\/wordpress\/wp-json\/wp\/v2\/users\/1"}],"replies":[{"embeddable":true,"href":"https:\/\/www.netz-barrierefrei.de\/wordpress\/wp-json\/wp\/v2\/comments?post=5919"}],"version-history":[{"count":10,"href":"https:\/\/www.netz-barrierefrei.de\/wordpress\/wp-json\/wp\/v2\/posts\/5919\/revisions"}],"predecessor-version":[{"id":8107,"href":"https:\/\/www.netz-barrierefrei.de\/wordpress\/wp-json\/wp\/v2\/posts\/5919\/revisions\/8107"}],"wp:attachment":[{"href":"https:\/\/www.netz-barrierefrei.de\/wordpress\/wp-json\/wp\/v2\/media?parent=5919"}],"wp:term":[{"taxonomy":"category","embeddable":true,"href":"https:\/\/www.netz-barrierefrei.de\/wordpress\/wp-json\/wp\/v2\/categories?post=5919"},{"taxonomy":"post_tag","embeddable":true,"href":"https:\/\/www.netz-barrierefrei.de\/wordpress\/wp-json\/wp\/v2\/tags?post=5919"}],"curies":[{"name":"wp","href":"https:\/\/api.w.org\/{rel}","templated":true}]}}