{"id":7857,"date":"2015-06-14T18:47:10","date_gmt":"2015-06-14T16:47:10","guid":{"rendered":"https:\/\/www.netz-barrierefrei.de\/wordpress\/?p=7857"},"modified":"2023-06-14T18:47:58","modified_gmt":"2023-06-14T16:47:58","slug":"laut-oder-gross-hilft-nicht-immer-missverstaendnisse-in-der-barrierefreiheit","status":"publish","type":"post","link":"https:\/\/www.netz-barrierefrei.de\/wordpress\/laut-oder-gross-hilft-nicht-immer-missverstaendnisse-in-der-barrierefreiheit\/","title":{"rendered":"Laut oder gro\u00df hilft nicht immer &#8211; Missverst\u00e4ndnisse in der Barrierefreiheit"},"content":{"rendered":"<p>Ein h\u00e4ufiges Missverst\u00e4ndnis in der Barrierefreiheit besteht darin, dass man Text m\u00f6glichst gro\u00df und Ton m\u00f6glichst laut anbieten sollte, damit H\u00f6r- und Sehbehinderte gl\u00fccklich sind.<br \/>\nBei diesen Behinderungen l\u00e4sst sich wenig verallgemeinern, da die konkreten Auswirkungen von Seh- und H\u00f6rbehinderungen sehr unterschiedlich sind. Ein wichtiger Faktor ist aber, dass die Adaptionsf\u00e4higkeit h\u00e4ufig eingeschr\u00e4nkt ist. Auge und Ohr k\u00f6nnen sich normalerweise recht schnell an Wechsel der Helligkeit oder Lautst\u00e4rke anpassen. Bei Behinderten ist diese F\u00e4higkeit oft eingeschr\u00e4nkt. Sie brauchen wesentlich l\u00e4nger f\u00fcr die Anpassung. Das ist dann \u00e4rgerlich, wenn diese Anpassung h\u00e4ufig notwendig ist.<br \/>\nExtrem wird das Ganze, wenn man mit Verst\u00e4rkung arbeitet. In der klassischen Musik etwa gibt es h\u00e4ufig Wechsel zwischen lauten und leisen Passagen. Ein H\u00f6rbehinderter m\u00fcsste bei jedem Wechsel den Lautst\u00e4rkeregler anpassen. Das ist dann schwierig, wenn er die Lautst\u00e4rke ohnehin schon st\u00e4rker aufgedreht hat, als ein H\u00f6render das machen w\u00fcrde. Wer mit einer starken Textvergr\u00f6\u00dferung am Bildschirm arbeitet, m\u00fcsste bei jeder \u00c4nderung der Schriftgr\u00f6\u00dfe die Darstellungsgr\u00f6\u00dfe anpassen. <\/p>\n<div id=\"ez-toc-container\" class=\"ez-toc-v2_0_82_2 counter-hierarchy ez-toc-counter ez-toc-white ez-toc-container-direction\">\n<div class=\"ez-toc-title-container\">\n<p class=\"ez-toc-title\" style=\"cursor:inherit\">Inhalt<\/p>\n<span class=\"ez-toc-title-toggle\"><a href=\"#\" class=\"ez-toc-pull-right ez-toc-btn ez-toc-btn-xs ez-toc-btn-default ez-toc-toggle\" aria-label=\"Toggle Table of Content\"><span class=\"ez-toc-js-icon-con\"><span class=\"\"><span class=\"eztoc-hide\" style=\"display:none;\">Toggle<\/span><span class=\"ez-toc-icon-toggle-span\"><svg style=\"fill: #999;color:#999\" xmlns=\"http:\/\/www.w3.org\/2000\/svg\" class=\"list-377408\" width=\"20px\" height=\"20px\" viewBox=\"0 0 24 24\" fill=\"none\"><path d=\"M6 6H4v2h2V6zm14 0H8v2h12V6zM4 11h2v2H4v-2zm16 0H8v2h12v-2zM4 16h2v2H4v-2zm16 0H8v2h12v-2z\" fill=\"currentColor\"><\/path><\/svg><svg style=\"fill: #999;color:#999\" class=\"arrow-unsorted-368013\" xmlns=\"http:\/\/www.w3.org\/2000\/svg\" width=\"10px\" height=\"10px\" viewBox=\"0 0 24 24\" version=\"1.2\" baseProfile=\"tiny\"><path d=\"M18.2 9.3l-6.2-6.3-6.2 6.3c-.2.2-.3.4-.3.7s.1.5.3.7c.2.2.4.3.7.3h11c.3 0 .5-.1.7-.3.2-.2.3-.5.3-.7s-.1-.5-.3-.7zM5.8 14.7l6.2 6.3 6.2-6.3c.2-.2.3-.5.3-.7s-.1-.5-.3-.7c-.2-.2-.4-.3-.7-.3h-11c-.3 0-.5.1-.7.3-.2.2-.3.5-.3.7s.1.5.3.7z\"\/><\/svg><\/span><\/span><\/span><\/a><\/span><\/div>\n<nav><ul class='ez-toc-list ez-toc-list-level-1 ' ><li class='ez-toc-page-1 ez-toc-heading-level-2'><a class=\"ez-toc-link ez-toc-heading-1\" href=\"https:\/\/www.netz-barrierefrei.de\/wordpress\/laut-oder-gross-hilft-nicht-immer-missverstaendnisse-in-der-barrierefreiheit\/#Was_heisst_das_konkret\" >Was hei\u00dft das konkret?<\/a><\/li><li class='ez-toc-page-1 ez-toc-heading-level-2'><a class=\"ez-toc-link ez-toc-heading-2\" href=\"https:\/\/www.netz-barrierefrei.de\/wordpress\/laut-oder-gross-hilft-nicht-immer-missverstaendnisse-in-der-barrierefreiheit\/#An_Hilfsmitteln_fuehrt_leider_kein_Weg_vorbei\" >An Hilfsmitteln f\u00fchrt leider kein Weg vorbei<\/a><\/li><\/ul><\/nav><\/div>\n<h2><span class=\"ez-toc-section\" id=\"Was_heisst_das_konkret\"><\/span>Was hei\u00dft das konkret?<span class=\"ez-toc-section-end\"><\/span><\/h2>\n<p>F\u00fcr Designer bedeutet das, dass wir mit m\u00f6glichst geringen Gr\u00f6\u00dfen\u00e4nderungen schriftlicher Inhalte arbeiten sollten, insbesondere bei Flie\u00dftext. Die Gr\u00f6\u00dfen\u00e4nderungen sollten m\u00f6glichst graduell sein, nat\u00fcrlich noch erkennbar, aber mit geringer Varianz.<br \/>\nF\u00fcr die Toningenieure hei\u00dft das, sie sollten m\u00f6glichst wenig Dynamik bei der Lautst\u00e4rke einsetzen. Leise Stimmen k\u00f6nnen nat\u00fcrlich hochgepegelt und laute runtergepegelt werden, insgesamt sollte aber ein gleichm\u00e4\u00dfiges Niveau angestrebt werden. Schlimmer als verrauschte Aufnahmen sind Aufnahmen, bei denen sich die Tonqualit\u00e4t st\u00e4ndig \u00e4ndert, weil etwa unterschiedlich gute Mikrofone verwendet wurden. <\/p>\n<h2><\/h2>\n<h2><span class=\"ez-toc-section\" id=\"An_Hilfsmitteln_fuehrt_leider_kein_Weg_vorbei\"><\/span>An Hilfsmitteln f\u00fchrt leider kein Weg vorbei<span class=\"ez-toc-section-end\"><\/span><\/h2>\n<p>Nun ist es bei der Bandbreite an Sinneseinschr\u00e4nkungen schlicht nicht m\u00f6glich, eine L\u00f6sung zu schaffen, die allen gerecht wird. Ich wiederhole das noch mal: Es ist nicht m\u00f6glich, eine L\u00f6sung zu schaffen, mit der alle zurechtkommen. Zwei Aspekte helfen uns aus dieser Klemme.<br \/>\nDas ist zum Einen die Anpassbarkeit zumindest auf digitalen Interfaces. Die Schrift muss nicht riesig sein, aber es muss einfach m\u00f6glich sein, sie zu vergr\u00f6\u00dfern oder zu verkleinern oder vielleicht auch Kontraste einzustellen. Mit einfach meine ich, das solche M\u00f6glichkeiten zu jederzeit aktivierbar sein sollen.<br \/>\nZum Zweiten sind das die Hilfsmittel. Da es schlicht nicht m\u00f6glich ist, alle m\u00f6glichen Gr\u00f6\u00dfen bzw. Lautst\u00e4rken anzubieten, f\u00fchrt kein Weg an passenden H\u00f6r- bzw. Vergr\u00f6\u00dferungshilfen vorbei. Dabei ist es w\u00fcnschenswert, dass diese Ger\u00e4te besser in der Lage sind, sich automatisch an die Gegebenheiten anzupassen.<\/p>\n","protected":false},"excerpt":{"rendered":"<p>Ein h\u00e4ufiges Missverst\u00e4ndnis in der Barrierefreiheit besteht darin, dass man Text m\u00f6glichst gro\u00df und Ton m\u00f6glichst laut anbieten sollte, damit H\u00f6r- und Sehbehinderte gl\u00fccklich sind.&#8230;<\/p>\n<div class=\"more-link-wrapper\"><a class=\"more-link\" href=\"https:\/\/www.netz-barrierefrei.de\/wordpress\/laut-oder-gross-hilft-nicht-immer-missverstaendnisse-in-der-barrierefreiheit\/\">Weiterlesen<span class=\"screen-reader-text\">Laut oder gro\u00df hilft nicht immer &#8211; Missverst\u00e4ndnisse in der Barrierefreiheit<\/span><\/a><\/div>\n","protected":false},"author":1,"featured_media":0,"comment_status":"closed","ping_status":"closed","sticky":false,"template":"","format":"standard","meta":{"footnotes":""},"categories":[1],"tags":[],"class_list":["post-7857","post","type-post","status-publish","format-standard","hentry","category-allgemein","entry"],"_links":{"self":[{"href":"https:\/\/www.netz-barrierefrei.de\/wordpress\/wp-json\/wp\/v2\/posts\/7857","targetHints":{"allow":["GET"]}}],"collection":[{"href":"https:\/\/www.netz-barrierefrei.de\/wordpress\/wp-json\/wp\/v2\/posts"}],"about":[{"href":"https:\/\/www.netz-barrierefrei.de\/wordpress\/wp-json\/wp\/v2\/types\/post"}],"author":[{"embeddable":true,"href":"https:\/\/www.netz-barrierefrei.de\/wordpress\/wp-json\/wp\/v2\/users\/1"}],"replies":[{"embeddable":true,"href":"https:\/\/www.netz-barrierefrei.de\/wordpress\/wp-json\/wp\/v2\/comments?post=7857"}],"version-history":[{"count":1,"href":"https:\/\/www.netz-barrierefrei.de\/wordpress\/wp-json\/wp\/v2\/posts\/7857\/revisions"}],"predecessor-version":[{"id":7858,"href":"https:\/\/www.netz-barrierefrei.de\/wordpress\/wp-json\/wp\/v2\/posts\/7857\/revisions\/7858"}],"wp:attachment":[{"href":"https:\/\/www.netz-barrierefrei.de\/wordpress\/wp-json\/wp\/v2\/media?parent=7857"}],"wp:term":[{"taxonomy":"category","embeddable":true,"href":"https:\/\/www.netz-barrierefrei.de\/wordpress\/wp-json\/wp\/v2\/categories?post=7857"},{"taxonomy":"post_tag","embeddable":true,"href":"https:\/\/www.netz-barrierefrei.de\/wordpress\/wp-json\/wp\/v2\/tags?post=7857"}],"curies":[{"name":"wp","href":"https:\/\/api.w.org\/{rel}","templated":true}]}}