{"id":7891,"date":"2011-06-17T13:10:09","date_gmt":"2011-06-17T11:10:09","guid":{"rendered":"https:\/\/www.netz-barrierefrei.de\/wordpress\/?p=7891"},"modified":"2023-06-17T13:10:54","modified_gmt":"2023-06-17T11:10:54","slug":"was-sehen-blinde-eigentlich","status":"publish","type":"post","link":"https:\/\/www.netz-barrierefrei.de\/wordpress\/was-sehen-blinde-eigentlich\/","title":{"rendered":"Was sehen Blinde eigentlich?"},"content":{"rendered":"<p>Nichts, wird die volksm\u00fcndliche Antwort lauten. Leider ist die Situation aber ein wenig komplizierter. In diesem Beitrag werden wir uns anschauen, was Blinde visuell wahrnehmen k\u00f6nnen.<\/p>\n<div id=\"ez-toc-container\" class=\"ez-toc-v2_0_82_2 counter-hierarchy ez-toc-counter ez-toc-white ez-toc-container-direction\">\n<div class=\"ez-toc-title-container\">\n<p class=\"ez-toc-title\" style=\"cursor:inherit\">Inhalt<\/p>\n<span class=\"ez-toc-title-toggle\"><a href=\"#\" class=\"ez-toc-pull-right ez-toc-btn ez-toc-btn-xs ez-toc-btn-default ez-toc-toggle\" aria-label=\"Toggle Table of Content\"><span class=\"ez-toc-js-icon-con\"><span class=\"\"><span class=\"eztoc-hide\" style=\"display:none;\">Toggle<\/span><span class=\"ez-toc-icon-toggle-span\"><svg style=\"fill: #999;color:#999\" xmlns=\"http:\/\/www.w3.org\/2000\/svg\" class=\"list-377408\" width=\"20px\" height=\"20px\" viewBox=\"0 0 24 24\" fill=\"none\"><path d=\"M6 6H4v2h2V6zm14 0H8v2h12V6zM4 11h2v2H4v-2zm16 0H8v2h12v-2zM4 16h2v2H4v-2zm16 0H8v2h12v-2z\" fill=\"currentColor\"><\/path><\/svg><svg style=\"fill: #999;color:#999\" class=\"arrow-unsorted-368013\" xmlns=\"http:\/\/www.w3.org\/2000\/svg\" width=\"10px\" height=\"10px\" viewBox=\"0 0 24 24\" version=\"1.2\" baseProfile=\"tiny\"><path d=\"M18.2 9.3l-6.2-6.3-6.2 6.3c-.2.2-.3.4-.3.7s.1.5.3.7c.2.2.4.3.7.3h11c.3 0 .5-.1.7-.3.2-.2.3-.5.3-.7s-.1-.5-.3-.7zM5.8 14.7l6.2 6.3 6.2-6.3c.2-.2.3-.5.3-.7s-.1-.5-.3-.7c-.2-.2-.4-.3-.7-.3h-11c-.3 0-.5.1-.7.3-.2.2-.3.5-.3.7s.1.5.3.7z\"\/><\/svg><\/span><\/span><\/span><\/a><\/span><\/div>\n<nav><ul class='ez-toc-list ez-toc-list-level-1 ' ><li class='ez-toc-page-1 ez-toc-heading-level-2'><a class=\"ez-toc-link ez-toc-heading-1\" href=\"https:\/\/www.netz-barrierefrei.de\/wordpress\/was-sehen-blinde-eigentlich\/#Eine_kleine_Begriffskunde\" >Eine kleine Begriffskunde<\/a><\/li><li class='ez-toc-page-1 ez-toc-heading-level-2'><a class=\"ez-toc-link ez-toc-heading-2\" href=\"https:\/\/www.netz-barrierefrei.de\/wordpress\/was-sehen-blinde-eigentlich\/#Ich_sehe_was_was_Du_nicht_siehst\" >Ich sehe was, was Du nicht siehst<\/a><\/li><li class='ez-toc-page-1 ez-toc-heading-level-2'><a class=\"ez-toc-link ez-toc-heading-3\" href=\"https:\/\/www.netz-barrierefrei.de\/wordpress\/was-sehen-blinde-eigentlich\/#Sehen_mit_dem_ganzen_Koerper\" >Sehen mit dem ganzen K\u00f6rper<\/a><\/li><li class='ez-toc-page-1 ez-toc-heading-level-2'><a class=\"ez-toc-link ez-toc-heading-4\" href=\"https:\/\/www.netz-barrierefrei.de\/wordpress\/was-sehen-blinde-eigentlich\/#Fazit\" >Fazit<\/a><\/li><\/ul><\/nav><\/div>\n<h2><span class=\"ez-toc-section\" id=\"Eine_kleine_Begriffskunde\"><\/span>Eine kleine Begriffskunde<span class=\"ez-toc-section-end\"><\/span><\/h2>\n<p>Wie immer ist es sinnvoll, die Begriffe zu kennen:<\/p>\n<ul>\n<li>Wir sprechen von vollblind, wenn jemand nichts oder so gut wie nichts sehen kann.<\/li>\n<li>Gesetzlich blind sind Menschen, die einen bestimmten Sehrest unterschreiten. Das betrifft entweder die Sehsch\u00e4rfe, die im Visus angegeben wird. Oder die Gr\u00f6\u00dfe des Gesichtsfeldes. Diese Gruppe wird als Sehrestler bezeichnet.<\/li>\n<\/ul>\n<p>Beide genannten Gruppen sind im gesetzlichen Sinne blind. Davon abgrenzen k\u00f6nnen wir die hochgradig Sehbehinderten, die Sehbehinderten und nat\u00fcrlich die Sehenden. Letztere haben entweder keine oder zumindest nicht solche Sehprobleme, die sich nicht mit Brillen oder Kontaktlinsen ausgleichen lassen. Die Grenzen zwischen hochgradig sehbehindert und Sehrest-Blinden ist flie\u00dfend. In der Regel arbeiten<br \/>\nhochgradig Sehbehinderte noch visuell am Computer und benutzen keinen Blindenstock. Die Sehrestler arbeiten in der Regel mit Screenreader und Braille und verwenden einen Blindenstock im Alltag. Doch gibt es hier keine absolute Regel.<\/p>\n<h2><span class=\"ez-toc-section\" id=\"Ich_sehe_was_was_Du_nicht_siehst\"><\/span>Ich sehe was, was Du nicht siehst<span class=\"ez-toc-section-end\"><\/span><\/h2>\n<p>Sehen ist die Verarbeitung von Licht. Entweder wird Licht ausgestrahlt, zum Beispiel von einem Bildschirm oder es wird reflektiert. Das war es schon, alles, was wir sehen, ist die Reflektion von Licht. Manchmal lohnt es sich, sich an diese einfache Tatsache zu erinnern.<br \/>\nDas Spektrum des Sehens unter Sehrestlern ist relativ gro\u00df. Was der Eine sieht, sieht der Andere nicht und umgekehrt. Wenn ein Sehender einem anderen Sehenden etwas zeigt, z.B. auf der Stra\u00dfe, kann er ziemlich sicher sein, dass der Andere es auch sehen wird. Unter Sehrestlern ist die Wahrscheinlichkeit, dass zwei Personen das Gleiche erkenne, relativ gering. In meiner Schulzeit konnte einer meiner Freunde Personen am Gesicht erkennen, aber keine Schwarzschrift lesen. Schwarzschrift nennen wir Blindg\u00e4nger die gedruckte Schrift. Ich kann bis heute ein wenig Schwarzschrift lesen, wenn sie so gro\u00df wie eine Zeitungs\u00fcberschrift ist. Aber ich konnte in meinem ganzen Leben niemanden am Gesicht, der Kleidung oder am Gang erkennen.<br \/>\nDie Mess-Instrumente, die Augen\u00e4rzte verwenden sind nat\u00fcrlich nicht auf Unsereins ausgelegt, sondern auf Normal-Sichtige. Ich wei\u00df leider nicht, ob es spezielle Messmethoden f\u00fcr sehschwache Personen gibt oder ob solche Mess-Instrumente \u00fcberhaupt sinnvoll w\u00e4ren. <\/p>\n<h2><span class=\"ez-toc-section\" id=\"Sehen_mit_dem_ganzen_Koerper\"><\/span>Sehen mit dem ganzen K\u00f6rper<span class=\"ez-toc-section-end\"><\/span><\/h2>\n<p>Wer lediglich auf das Sehen achtet, verkennt viele andere Faktoren. Im Computerbereich w\u00fcrde man das integrierte Informationsverarbeitung nennen. Da ist nat\u00fcrlich das Geh\u00f6r. Aber auch der haptische Kontakt zum Boden, der Geruchsinn. Der Geschmacksinn als f\u00fcnfter Sinn ist an der Stelle nicht so wichtig. Sehende benutzen solche Faktoren oft unbewusst. Der Geruchssinn zum Beispiel funktioniert sehr stark intuitiv. Aber auch das Geh\u00f6r spielt eine Rolle: Wem ist es noch nicht passiert, dass er das Auto hinter sich zuerst geh\u00f6rt hat und dann zur Seite sprang, ohne sich umzudrehen und zu gucken, ob es einen tats\u00e4chlich gleich \u00fcberf\u00e4hrt?<br \/>\nAls weiterer Faktor kommen Ged\u00e4chtnis und Erfahrung hinzu. Als kleines Kind bereits mussten wir lernen, visuelle und auditive Reize zu unterscheiden. In unserem Ged\u00e4chtnis gibt es tausende Ger\u00e4usche. Jeder erkennt zum Beispiel das charakteristische Ger\u00e4usch eines entriegelnden Kofferraums, eines bremsenden Fahrrads oder eines tappenden Hundes, auch wenn wir kein Auto, kein Fahrrad und keinen Hund haben.<br \/>\nAls weiteren Faktor haben wir die Situationsabh\u00e4ngigkeit: An einer Stra\u00dfe d\u00fcrfen wir mit anderen Gegenst\u00e4nden rechnen als im Park oder im Wald.<br \/>\nUnd das Ged\u00e4chtnis verr\u00e4t uns, dass das Gelbe da vorne, wo wir jeden Tag vorbei gehen ein Briefkasten und keine gelbe Tonne ist. Grob gesch\u00e4tzt nutzen wir 90 Prozent unseres Lebens immer die gleichen Wege. Wenn jemand in unsere Wohnung spazieren und unsere B\u00fccher umstellen w\u00fcrde, w\u00fcrden wir das sofort merken. Und zwar nicht, weil wir ein so ausgefeiltes Ordnungssystem haben, sondern weil uns das Muster der Aufstellung vertraut ist. Wenn aber etwas jeden Tag anders ist, wie die Autos, die an der Stra\u00dfe parken, achten wir in der Regel nicht darauf. Wenn wir wissen, was etwas ist, reichen auch sehr unscharfe Seheindr\u00fccke, um es zu erkennen bzw. Ver\u00e4nderungen zu bemerken. <\/p>\n<p>Im Gegensatz zum Menschen, wir schauen mal von der k\u00fcnstlichen Intelligenz und Fuzzy Logic  ab, versteht ein Computer nur ja oder nein. Er wird sich zwangsl\u00e4ufig entscheiden, ist es ein Mensch oder ein Laternenpfahl? Ein Mensch hingegen k\u00f6nnte schlussfolgern, das Objekt k\u00f6nnte ein Mensch sein, aber Menschen stehen normalerweise nicht stocksteif in der Gegend rum. Es wird also doch ein Pfahl sein. Befindet es sich hingegen mitten auf einem B\u00fcrgersteig, wird es wohl eher ein Mensch sein. <\/p>\n<h2><span class=\"ez-toc-section\" id=\"Fazit\"><\/span>Fazit<span class=\"ez-toc-section-end\"><\/span><\/h2>\n<p>Es ist also schlicht gesagt unm\u00f6glich, einem anderen Menschen exakt zu beschreiben, was man als Sehrestler wahrnimmt. Wir behelfen uns immer an Beispielen, die aber oft unzureichend sind. Deswegen d\u00fcrft ihr auf die Frage: \u201eWas siehst du eigentlich?\u201c nie eine klare Antwort von uns erwarten.<br \/>\nDas scheint die Frage zu sein, die Sehende am meisten verwirrt, wenn sie mit Sehrestlern zu tun haben. Leider ist das eine Frage, auf die es keine eindeutige Antwort gibt oder jemals geben wird. <\/p>\n<ul>\n<li><a href=\"https:\/\/www.netz-barrierefrei.de\/wordpress\/braille-fuer-sehende-warum-jede-die-blindenschrift-lernen-kann\/\">Blindenschrift als Sehender lernen<\/a><\/li>\n<li><a href=\"https:\/\/www.netz-barrierefrei.de\/wordpress\/leistungen\/schulungen-zu-barrierefreien-pdfs-adobe-acrobat-microsoft-und-libreoffice\/\">Schulung zu barrierefreien PDFs mit Microsoft Word<\/a><\/li>\n<\/ul>\n","protected":false},"excerpt":{"rendered":"<p>Nichts, wird die volksm\u00fcndliche Antwort lauten. Leider ist die Situation aber ein wenig komplizierter. In diesem Beitrag werden wir uns anschauen, was Blinde visuell wahrnehmen&#8230;<\/p>\n<div class=\"more-link-wrapper\"><a class=\"more-link\" href=\"https:\/\/www.netz-barrierefrei.de\/wordpress\/was-sehen-blinde-eigentlich\/\">Weiterlesen<span class=\"screen-reader-text\">Was sehen Blinde eigentlich?<\/span><\/a><\/div>\n","protected":false},"author":1,"featured_media":0,"comment_status":"closed","ping_status":"closed","sticky":false,"template":"","format":"standard","meta":{"footnotes":""},"categories":[1],"tags":[],"class_list":["post-7891","post","type-post","status-publish","format-standard","hentry","category-allgemein","entry"],"_links":{"self":[{"href":"https:\/\/www.netz-barrierefrei.de\/wordpress\/wp-json\/wp\/v2\/posts\/7891","targetHints":{"allow":["GET"]}}],"collection":[{"href":"https:\/\/www.netz-barrierefrei.de\/wordpress\/wp-json\/wp\/v2\/posts"}],"about":[{"href":"https:\/\/www.netz-barrierefrei.de\/wordpress\/wp-json\/wp\/v2\/types\/post"}],"author":[{"embeddable":true,"href":"https:\/\/www.netz-barrierefrei.de\/wordpress\/wp-json\/wp\/v2\/users\/1"}],"replies":[{"embeddable":true,"href":"https:\/\/www.netz-barrierefrei.de\/wordpress\/wp-json\/wp\/v2\/comments?post=7891"}],"version-history":[{"count":2,"href":"https:\/\/www.netz-barrierefrei.de\/wordpress\/wp-json\/wp\/v2\/posts\/7891\/revisions"}],"predecessor-version":[{"id":7927,"href":"https:\/\/www.netz-barrierefrei.de\/wordpress\/wp-json\/wp\/v2\/posts\/7891\/revisions\/7927"}],"wp:attachment":[{"href":"https:\/\/www.netz-barrierefrei.de\/wordpress\/wp-json\/wp\/v2\/media?parent=7891"}],"wp:term":[{"taxonomy":"category","embeddable":true,"href":"https:\/\/www.netz-barrierefrei.de\/wordpress\/wp-json\/wp\/v2\/categories?post=7891"},{"taxonomy":"post_tag","embeddable":true,"href":"https:\/\/www.netz-barrierefrei.de\/wordpress\/wp-json\/wp\/v2\/tags?post=7891"}],"curies":[{"name":"wp","href":"https:\/\/api.w.org\/{rel}","templated":true}]}}