{"id":8046,"date":"2013-07-08T16:48:17","date_gmt":"2013-07-08T14:48:17","guid":{"rendered":"https:\/\/www.netz-barrierefrei.de\/wordpress\/?p=8046"},"modified":"2023-07-08T16:48:57","modified_gmt":"2023-07-08T14:48:57","slug":"inklusion-ist-die-zukunft","status":"publish","type":"post","link":"https:\/\/www.netz-barrierefrei.de\/wordpress\/inklusion-ist-die-zukunft\/","title":{"rendered":"Inklusion ist die Zukunft"},"content":{"rendered":"<p>In einem \u00e4lteren Beitrag habe ich gezeigt, wie jeder zur Barrierefreiheit beitragen kann. Heute wiederhole ich das gleiche Spiel f\u00fcr die Inklusion, das gleichberechtigte Zusammenleben von Behinderten und Nicht-Behinderten &#8211; das ist ein Beitrag zur aktuellen Blog-Parade der Aktion Mensch Inklusion 2025. Ein Res\u00fcmee gibt es hier.<br \/>\n<iframe loading=\"lazy\" src=\"\/\/www.slideshare.net\/slideshow\/embed_code\/8628458\" width=\"427\" height=\"356\" frameborder=\"0\" marginwidth=\"0\" marginheight=\"0\" scrolling=\"no\" style=\"border:1px solid #CCC; border-width:1px; margin-bottom:5px; max-width: 100%;\" allowfullscreen> <\/iframe> <\/p>\n<div style=\"margin-bottom:5px\"> <strong> inbetweener: Inklusion von unten als Chance und Herausforderung <\/strong> from <strong>inbetweener<\/strong> <\/div>\n<div id=\"ez-toc-container\" class=\"ez-toc-v2_0_82_2 counter-hierarchy ez-toc-counter ez-toc-white ez-toc-container-direction\">\n<div class=\"ez-toc-title-container\">\n<p class=\"ez-toc-title\" style=\"cursor:inherit\">Inhalt<\/p>\n<span class=\"ez-toc-title-toggle\"><a href=\"#\" class=\"ez-toc-pull-right ez-toc-btn ez-toc-btn-xs ez-toc-btn-default ez-toc-toggle\" aria-label=\"Toggle Table of Content\"><span class=\"ez-toc-js-icon-con\"><span class=\"\"><span class=\"eztoc-hide\" style=\"display:none;\">Toggle<\/span><span class=\"ez-toc-icon-toggle-span\"><svg style=\"fill: #999;color:#999\" xmlns=\"http:\/\/www.w3.org\/2000\/svg\" class=\"list-377408\" width=\"20px\" height=\"20px\" viewBox=\"0 0 24 24\" fill=\"none\"><path d=\"M6 6H4v2h2V6zm14 0H8v2h12V6zM4 11h2v2H4v-2zm16 0H8v2h12v-2zM4 16h2v2H4v-2zm16 0H8v2h12v-2z\" fill=\"currentColor\"><\/path><\/svg><svg style=\"fill: #999;color:#999\" class=\"arrow-unsorted-368013\" xmlns=\"http:\/\/www.w3.org\/2000\/svg\" width=\"10px\" height=\"10px\" viewBox=\"0 0 24 24\" version=\"1.2\" baseProfile=\"tiny\"><path d=\"M18.2 9.3l-6.2-6.3-6.2 6.3c-.2.2-.3.4-.3.7s.1.5.3.7c.2.2.4.3.7.3h11c.3 0 .5-.1.7-.3.2-.2.3-.5.3-.7s-.1-.5-.3-.7zM5.8 14.7l6.2 6.3 6.2-6.3c.2-.2.3-.5.3-.7s-.1-.5-.3-.7c-.2-.2-.4-.3-.7-.3h-11c-.3 0-.5.1-.7.3-.2.2-.3.5-.3.7s.1.5.3.7z\"\/><\/svg><\/span><\/span><\/span><\/a><\/span><\/div>\n<nav><ul class='ez-toc-list ez-toc-list-level-1 ' ><li class='ez-toc-page-1 ez-toc-heading-level-2'><a class=\"ez-toc-link ez-toc-heading-1\" href=\"https:\/\/www.netz-barrierefrei.de\/wordpress\/inklusion-ist-die-zukunft\/#Inklusion_Top-Down\" >Inklusion Top-Down<\/a><\/li><li class='ez-toc-page-1 ez-toc-heading-level-2'><a class=\"ez-toc-link ez-toc-heading-2\" href=\"https:\/\/www.netz-barrierefrei.de\/wordpress\/inklusion-ist-die-zukunft\/#Hingehen_wo_es_manchmal_riecht\" >Hingehen, wo es manchmal riecht<\/a><\/li><li class='ez-toc-page-1 ez-toc-heading-level-2'><a class=\"ez-toc-link ez-toc-heading-3\" href=\"https:\/\/www.netz-barrierefrei.de\/wordpress\/inklusion-ist-die-zukunft\/#Was_nicht_inklusiv_ist_wird_inklusiv_gemacht\" >Was nicht inklusiv ist, wird inklusiv gemacht<\/a><\/li><\/ul><\/nav><\/div>\n<h2><span class=\"ez-toc-section\" id=\"Inklusion_Top-Down\"><\/span>Inklusion Top-Down<span class=\"ez-toc-section-end\"><\/span><\/h2>\n<p>Die diversen Regierungen und NGOs tun recht viel f\u00fcr die Inklusion. Nicht nur, dass sie die UN-Konvention \u00fcber die Rechte von Menschen mit Behinderung ratifiziert haben &#8211; ein sch\u00f6nes Wort. Sie machen auch Aktionspl\u00e4ne, erstellen regelm\u00e4\u00dfige Berichte und Schatten-Berichte &#8211; \u00e4h ja. <\/p>\n<p>Mit anderen Worten: Man kann als Behinderter ein Leben lang durch die Weltgeschichte spazieren, ohne etwas von diesen Aktivit\u00e4ten mitzubekommen und man kann sogar Paris sehen und sterben, ohne zu wissen, was ein Aktionsplan oder ein Schattenbericht sein soll. <\/p>\n<h2><span class=\"ez-toc-section\" id=\"Hingehen_wo_es_manchmal_riecht\"><\/span>Hingehen, wo es manchmal riecht<span class=\"ez-toc-section-end\"><\/span><\/h2>\n<p>W\u00e4hrenddessen kocht es an vielen Orten, wo behinderte und nicht-behinderte Kinder gemeinsam unterrichtet werden sollen. Hier und nicht in Berlin werden die entscheidenden K\u00e4mpfe ausgetragen, wenn es um die Zukunft der Inklusion geht. Die behinderten Sch\u00fcler von heute werden &#8211; das hoffe ich zumindest &#8211; ganz selbstverst\u00e4ndlich mit Nicht-Behinderten aufwachsen. Deren Eltern &#8211; die Entscheidungstr\u00e4ger und F\u00fchrungskr\u00e4fte von morgen, werden schon in naher Zukunft dar\u00fcber entscheiden k\u00f6nnen, ob sie einen Job an einen Behinderten geben, ihn als Arbeitskollegen oder Mieter haben wollen. <\/p>\n<p>Es ist also weniger der Teilhabe-Bericht als die behinderten Kinder vor Ort, die die meiste Entscheidungsarbeit leisten. Sie \u00fcberzeugen durch ihre pure Anwesenheit, wenn sie schreiend mit ihren Schulkameraden \u00fcber den Schulhof toben. Nicht nur die behinderten Kinder, auch ihre nicht-behinderten Mitsch\u00fcler werden ganz anders mit Behinderten umgehen, als es die heute Erwachsenen tun. <\/p>\n<p>Niemand kann erwarten, dass das Ganze konfliktfrei abl\u00e4uft. Alle gro\u00dfen Ver\u00e4nderungen gehen mit Zwistigkeiten einher, die f\u00fcr viele der Beteiligten auch anstrengend oder schmerzhaft sind. Am Ende wird aber &#8211; darauf kommt es an &#8211; etwas heraus kommen, was f\u00fcr alle Beteiligten besser ist als die Gegenwart. Und was ist schon ein Sieg, f\u00fcr ddn man sich nicht anstrengen musste &#8211; gar nichts. <\/p>\n<h2><span class=\"ez-toc-section\" id=\"Was_nicht_inklusiv_ist_wird_inklusiv_gemacht\"><\/span>Was nicht inklusiv ist, wird inklusiv gemacht<span class=\"ez-toc-section-end\"><\/span><\/h2>\n<p>Junge Behinderte sind immer weniger bereit, spezielle Angebote f\u00fcr Behinderte in Anspruch zu nehmen. Stattdessen gehen sie einfach in den n\u00e4chstbesten Sportclub und fragen, warum es keine Rampe oder inklusive Gruppe gibt. Und oftmals rennen sie angelehnte T\u00fcren ein. <\/p>\n<p>Wenn man sich ein wenig umschaut bekommt man schnell den Eindruck, viele Behinderte w\u00fcrden die Geellschaft als Feind betrachten. Hat mich der Typ jetzt \u00fcber den Haufen gerannt, weil ich blind bin? Nein, vermutlich ist er nur ein ignorantes Arschloch, dass jeden Anderen auch \u00fcber den Haufen gerannt h\u00e4tten. Oder er ist zu dumm, um einen Blindenstock zu erkennen, auch das kommt vor. Aber den meisten Menschen ist es egal, ob jemand behindert ist oder nicht und Viele sind offen daf\u00fcr, Behinderten entgegenzukommen, wenn man ihnen nicht ins Gesicht keift. <\/p>\n<p>Dieser Dogmatismus &#8222;Sei lieb zu mir oder du bist ein Behindertenfeind&#8220; ist f\u00fcr junge Behinderte nicht mehr angesagt. Sie gehen mit ihrer Behinderung sehr offen um, sind bereit, anderen bei der Inklusion auf die Spr\u00fcnge zu helfen und k\u00f6nnen auch damit leben, wenn jemand Behinderte offensichtlich nicht leiden kann. <\/p>\n<p>Jeder von uns kann also zur Inklusion beitragen und sollte es auch tun, denn die Inklusion wird sich nicht von selbst einstellen. Wir betreten Neuland, wie unsere Kanzlerin sagen w\u00fcrde und es spricht nichts dagegen, auch Spa\u00df dabei zu haben. <\/p>\n","protected":false},"excerpt":{"rendered":"<p>In einem \u00e4lteren Beitrag habe ich gezeigt, wie jeder zur Barrierefreiheit beitragen kann. Heute wiederhole ich das gleiche Spiel f\u00fcr die Inklusion, das gleichberechtigte Zusammenleben&#8230;<\/p>\n<div class=\"more-link-wrapper\"><a class=\"more-link\" href=\"https:\/\/www.netz-barrierefrei.de\/wordpress\/inklusion-ist-die-zukunft\/\">Weiterlesen<span class=\"screen-reader-text\">Inklusion ist die Zukunft<\/span><\/a><\/div>\n","protected":false},"author":1,"featured_media":0,"comment_status":"closed","ping_status":"closed","sticky":false,"template":"","format":"standard","meta":{"footnotes":""},"categories":[1],"tags":[],"class_list":["post-8046","post","type-post","status-publish","format-standard","hentry","category-allgemein","entry"],"_links":{"self":[{"href":"https:\/\/www.netz-barrierefrei.de\/wordpress\/wp-json\/wp\/v2\/posts\/8046","targetHints":{"allow":["GET"]}}],"collection":[{"href":"https:\/\/www.netz-barrierefrei.de\/wordpress\/wp-json\/wp\/v2\/posts"}],"about":[{"href":"https:\/\/www.netz-barrierefrei.de\/wordpress\/wp-json\/wp\/v2\/types\/post"}],"author":[{"embeddable":true,"href":"https:\/\/www.netz-barrierefrei.de\/wordpress\/wp-json\/wp\/v2\/users\/1"}],"replies":[{"embeddable":true,"href":"https:\/\/www.netz-barrierefrei.de\/wordpress\/wp-json\/wp\/v2\/comments?post=8046"}],"version-history":[{"count":2,"href":"https:\/\/www.netz-barrierefrei.de\/wordpress\/wp-json\/wp\/v2\/posts\/8046\/revisions"}],"predecessor-version":[{"id":9167,"href":"https:\/\/www.netz-barrierefrei.de\/wordpress\/wp-json\/wp\/v2\/posts\/8046\/revisions\/9167"}],"wp:attachment":[{"href":"https:\/\/www.netz-barrierefrei.de\/wordpress\/wp-json\/wp\/v2\/media?parent=8046"}],"wp:term":[{"taxonomy":"category","embeddable":true,"href":"https:\/\/www.netz-barrierefrei.de\/wordpress\/wp-json\/wp\/v2\/categories?post=8046"},{"taxonomy":"post_tag","embeddable":true,"href":"https:\/\/www.netz-barrierefrei.de\/wordpress\/wp-json\/wp\/v2\/tags?post=8046"}],"curies":[{"name":"wp","href":"https:\/\/api.w.org\/{rel}","templated":true}]}}