{"id":8134,"date":"2024-07-22T17:52:14","date_gmt":"2024-07-22T15:52:14","guid":{"rendered":"https:\/\/www.netz-barrierefrei.de\/wordpress\/?p=8134"},"modified":"2025-09-01T16:18:49","modified_gmt":"2025-09-01T14:18:49","slug":"inklusion-barrierefreiheit-und-diversitaet-weniger-reden-mehr-handeln","status":"publish","type":"post","link":"https:\/\/www.netz-barrierefrei.de\/wordpress\/inklusion-barrierefreiheit-und-diversitaet-weniger-reden-mehr-handeln\/","title":{"rendered":"Warum Sie Veranstaltungen zur digitalen Barrierefreiheit boykottieren sollten"},"content":{"rendered":"<p><iframe loading=\"lazy\" src=\"https:\/\/digitale-barrierefreiheit.podigee.io\/146-warum-digitale-barrierefreiheit-diverser-werden-muss\/embed?context=external&#038;theme=default\" style=\"border: 0\" frameBorder=\"0\" height=\"100\" width=\"100%\"><\/iframe><\/p>\n<p>Ist Ihnen schon einmal aufgefallen, dass Nicht-Behinderte das Feld der digitalen Barrierefreiheit beherrschen? In Deutschland ist das besonders ausgepr\u00e4gt. Aber auch in anderen L\u00e4ndern steht es nicht gut. Besonders deutlich wird das an Veranstaltungen wie Konferenzen zu digitaler Barrierefreiheit.<\/p>\n<div id=\"ez-toc-container\" class=\"ez-toc-v2_0_82_2 counter-hierarchy ez-toc-counter ez-toc-white ez-toc-container-direction\">\n<div class=\"ez-toc-title-container\">\n<p class=\"ez-toc-title\" style=\"cursor:inherit\">Inhalt<\/p>\n<span class=\"ez-toc-title-toggle\"><a href=\"#\" class=\"ez-toc-pull-right ez-toc-btn ez-toc-btn-xs ez-toc-btn-default ez-toc-toggle\" aria-label=\"Toggle Table of Content\"><span class=\"ez-toc-js-icon-con\"><span class=\"\"><span class=\"eztoc-hide\" style=\"display:none;\">Toggle<\/span><span class=\"ez-toc-icon-toggle-span\"><svg style=\"fill: #999;color:#999\" xmlns=\"http:\/\/www.w3.org\/2000\/svg\" class=\"list-377408\" width=\"20px\" height=\"20px\" viewBox=\"0 0 24 24\" fill=\"none\"><path d=\"M6 6H4v2h2V6zm14 0H8v2h12V6zM4 11h2v2H4v-2zm16 0H8v2h12v-2zM4 16h2v2H4v-2zm16 0H8v2h12v-2z\" fill=\"currentColor\"><\/path><\/svg><svg style=\"fill: #999;color:#999\" class=\"arrow-unsorted-368013\" xmlns=\"http:\/\/www.w3.org\/2000\/svg\" width=\"10px\" height=\"10px\" viewBox=\"0 0 24 24\" version=\"1.2\" baseProfile=\"tiny\"><path d=\"M18.2 9.3l-6.2-6.3-6.2 6.3c-.2.2-.3.4-.3.7s.1.5.3.7c.2.2.4.3.7.3h11c.3 0 .5-.1.7-.3.2-.2.3-.5.3-.7s-.1-.5-.3-.7zM5.8 14.7l6.2 6.3 6.2-6.3c.2-.2.3-.5.3-.7s-.1-.5-.3-.7c-.2-.2-.4-.3-.7-.3h-11c-.3 0-.5.1-.7.3-.2.2-.3.5-.3.7s.1.5.3.7z\"\/><\/svg><\/span><\/span><\/span><\/a><\/span><\/div>\n<nav><ul class='ez-toc-list ez-toc-list-level-1 ' ><li class='ez-toc-page-1 ez-toc-heading-level-2'><a class=\"ez-toc-link ez-toc-heading-1\" href=\"https:\/\/www.netz-barrierefrei.de\/wordpress\/inklusion-barrierefreiheit-und-diversitaet-weniger-reden-mehr-handeln\/#Inklusion_und_Barrierefreiheit_im_Old-Style-Way\" >Inklusion und Barrierefreiheit im Old-Style-Way<\/a><\/li><li class='ez-toc-page-1 ez-toc-heading-level-2'><a class=\"ez-toc-link ez-toc-heading-2\" href=\"https:\/\/www.netz-barrierefrei.de\/wordpress\/inklusion-barrierefreiheit-und-diversitaet-weniger-reden-mehr-handeln\/#Was_Sie_tun_sollten\" >Was Sie tun sollten<\/a><\/li><li class='ez-toc-page-1 ez-toc-heading-level-2'><a class=\"ez-toc-link ez-toc-heading-3\" href=\"https:\/\/www.netz-barrierefrei.de\/wordpress\/inklusion-barrierefreiheit-und-diversitaet-weniger-reden-mehr-handeln\/#Weitere_Beitraege\" >Weitere Beitr\u00e4ge<\/a><\/li><\/ul><\/nav><\/div>\n<h2><span class=\"ez-toc-section\" id=\"Inklusion_und_Barrierefreiheit_im_Old-Style-Way\"><\/span>Inklusion und Barrierefreiheit im Old-Style-Way<span class=\"ez-toc-section-end\"><\/span><\/h2>\n<p>Die deutsche Barrierefreiheits-Community hat <a href=\"https:\/\/www.netz-barrierefrei.de\/wordpress\/warum-der-bitv-test-einen-relaunch-braucht\/\">meine Kritik leider nicht verstanden<\/a>: Es reicht heute nicht mehr zu sagen, dass man sich f\u00fcr Barrierefreiheit einsetzt: Es geht auch darum, dass man behinderten Menschen die Chance gibt, selbst als Expert:Innen zu sprechen. Das passiert nicht, wenn eine Diskussionsrunde aus lauter Nicht-Behinderten besteht. Wenn es diese behinderten Expert:Innen kaum gibt, dann liegt es unter anderem auch an den Strukturen, die Neulingen nicht die Chance gibt, sich zu etablieren. Es ist kein Zufall, dass Grauhaarige heute die Panels zur Barrierefreiheit dominieren und die j\u00fcngste Person in der Runde 50 ist. Auch Menschen, die sich glaubhaft f\u00fcr Barrierefreiheit einsetzen k\u00f6nnen verhindern, dass behinderte Menschen partizipieren.<\/p>\n<p>Es gibt das durchaus berechtigte Argument, dass diese Grauhaarigen ein legitimes Interesse an Eigen-Marketing haben. Aber in ihren Agenturen bzw. Kollegium arbeiten auch j\u00fcngere Menschen, welche die Agentur ebenso gut vertreten k\u00f6nnen. Das eigene Ego ist das Problem. <\/p>\n<p>Eigentlich ist man sich einig, dass Panels und andere Institutionen divers besetzt sein sollten, nur bei Inklusion und Behinderung scheint das nicht zu gelten. Stellen Sie sich eine Konferenz zu Gender-Themen ohne Frauen, zu Migrations-Themen ohne Personen mit Migrations-Hintergrund vor. Das ist ein No-Go. Nur auf Barrierefreiheits-Veranstaltungen scheint das okay zu sein. Auch ist das Gekl\u00fcngel in der Szene ausgepr\u00e4gt: Man empfiehlt sich gegenseitig, wobei behinderte Menschen in diesen Netzwerken selten aufgenommen und daher auch nicht empfohlen werden, erkennbar am <a href=\"https:\/\/www.netz-barrierefrei.de\/wordpress\/warum-der-bitv-test-einen-relaunch-braucht\/\">Netzwerk rund um den Dias-Test<\/a>.<\/p>\n<p>J\u00fcngstes Beispiel ist die Barrierefreiheits-Konferenz 2024 des Rheinwerk-Verlages. Ein bisschen entt\u00e4uscht bin ich vom Rheinwerk-Verlag. W\u00e4hrend das erste Programm vermutlich schnell zusammengestellt werden musste, h\u00e4tte man bei der dritten und vierten Auflage mehr Chancen gehabt. Nicht nur die Vortragenden, auch die Themen sind so konventionell, dass man zwei Mal hinschauen muss, um die Unterschiede zu den vorherigen Konferenzen zu erkennen. Auch musste ich dar\u00fcber nachdenken, ob das jetzt ein Barrierefreiheits-Panel oder eine Versammlung alter hellh\u00e4utiger, nicht-behinderter Personen sein sollte &#8211; es ist beides.<\/p>\n<p>Auch Joschi Kuphal hat f\u00fcr sein A11Y auf Deutsch-Event ein Faible f\u00fcr Nicht-Behinderte und \u00e4ltere M\u00e4nner. Offenbar ist es ihm egal, was Behinderte zur Barrierefreiheit zu sagen haben. Kuphal wird das sicherlich anders sehen, aber schauen Sie sich einfach das Line Up der Veranstaltung in den letzten Jahren an. Leider ist dieses Verhalten weit verbreitet, zum Beispiel auch bei der IAAP, auch hier reden Nicht-Behinderte mit Nicht-Behinderten.<\/p>\n<p>Mir geht es nicht darum, dass Nicht-Behinderte etwas Falsches sagen, auch Behinderte k\u00f6nnen Unsinn von sich geben. Behinderte Menschen dabei zu haben ist kein Wert an sich, sondern zeigt einfach deutlich, dass es auch behinderte Expert:innen gibt. Es wird nicht nur \u00fcber sie gesprochen. Nat\u00fcrlich sprechen behinderte Menschen auch ganz anders \u00fcber Barrieren als Leute, die das nur aus dritter Hand kennen. Und schlie\u00dflich zeigt die Anwesenheit behinderter Menschen, die sich kompetent \u00e4u\u00dfern k\u00f6nnen ein St\u00fcck weit, dass Inklusion und Barrierefreiheit erfolgreich waren, ansonsten w\u00fcrden sie ja nicht dort sitzen. Nat\u00fcrlich sind auch behinderte Menschen wichtig, die sagen, dass dieses und jenes nicht funktioniert. Das Bild wird aber schief, wenn Behinderte sagen, was nicht funktioniert und der Nicht-Behinderte, wie man das repariert. Das verfestigt einmal mehr den F\u00fcrsorge-Gedanken. <\/p>\n<p>Aktuell (Juli 2023) erz\u00e4hlt eine Dame von Google Deutschland in einem Video, wie wichtig Tastatur-Bedienbarkeit ist. Und ich frage mich, ob sie \u00fcberhaupt wei\u00df, wovon sie redet: Hat sie mal einen ganzen Tag lang versucht, ohne Maus zurechtzukommen? Google ist vielleicht das beste Beispiel, wenn es um mangelnde Barrierefreiheit bei einem gro\u00dfen Unternehmen geht, da hat man den Bock zum G\u00e4rtner gemacht. Vielleicht sollten sie Google-intern einmal eine Sensibilisierung machen. <\/p>\n<p>Ich erinnere mich mit Grauen an eine Runde von Microsoft Deutschland, in der mehrere Personen \u00fcber Barrierefreiheit diskutiert hatten. Keiner von denen hatte eine Behinderung und auch thematisch keinen echten Bezug zu digitaler Barrierefreiheit. Was f\u00fcr ein Bild gibt das ab? Ich hatte intern bei meinem damaligen Auftraggeber auf dieses Problem aufmerksam gemacht, was Microsoft aber ziemlich egal war. Das ist einige Jahre her, aber ich bin mir nicht sicher, ob sie daraus etwas gelernt haben. Wahrscheinlich nicht. Bei solchen Events geht es mehr um Name Dropping &#8211; irgendwelche Leute bzw. Firmen, die man kennt und die deshalb einen Pull-Effekt haben. Von dem Thema m\u00fcssen sie nichts verstehen, im Zweifelsfall haben sie Angestellte, die die Sprechzettel f\u00fcr sie schreiben.<\/p>\n<p>Die Veranstaltungen sind wichtig, weil sie den Referentinnen Prestige verleihen. F\u00fcr Newbies ist es recht schwierig, Bekanntheit zu erlangen. Da ist es sinnvoll, wenn sie die Chance haben, auf Konferenzen aufzutreten. Wie das nicht geht, sieht man bei der f\u00fcr 2024 geplanten Konferenz des Rheinwerk-Verlages, wo sie wieder die \u00fcberwiegend m\u00e4nnlichen Senioren der deutschen Barrierefreiheits-Szene eingeladen haben. Bei der dritten Auflage h\u00e4tte man wirklich mal ein paar neue Gesichter und Themen reinmischen k\u00f6nnen, aber offenbar war das zu anstrengend. Der Umsatz wird trotzdem stimmen. <\/p>\n<p>Ich behaupte \u00fcbrigens nicht, dass sie das bewusst tun oder behinderten-feindlich sind. Sie halten sich selbst vermutlich f\u00fcr progressiv und inklusiv. Aber sich selbst f\u00fcr inklusiv zu halten und es zu sein sind zwei verschiedene Dinge. Der Bias und die Leugnung von Fakten sind in der szene sehr ausgepr\u00e4gt.<\/p>\n<p>Man muss seine Rechte einfordern und daf\u00fcr k\u00e4mpfen. Der nicht vorhandene gute Wille der Barrierefreiheits-Seniorinnen wird nicht zu einer Verbesserung f\u00fchren.<\/p>\n<p>F\u00fcr mich pers\u00f6nlich habe ich den Schluss gezogen, dass ich nur noch als Experte und nicht mehr als Testimonial auftreten werde. Mehr kann ich leider nicht tun.<\/p>\n<h2><span class=\"ez-toc-section\" id=\"Was_Sie_tun_sollten\"><\/span>Was Sie tun sollten<span class=\"ez-toc-section-end\"><\/span><\/h2>\n<p>Wenn Sie sich an dieser Kampagne f\u00fcr mehr Diversit\u00e4t auf Barrierefreiheits-Veranstaltungen beteiligen wollen, sind hier ein paar Vorschl\u00e4ge, was Sie tun k\u00f6nnen:<\/p>\n<ul>\n<li>Machen Sie die Veranstalterin auf das Problem aufmerksam. Sie wird sich vermutlich herausreden. Aber erst mal geht es darum, f\u00fcr das Problem zu sensibilisieren.<\/li>\n<li>Boykottieren Sie die Veranstaltung, wenn die Veranstalter nicht inklusiv arbeiten wollen und Sie die Veranstaltung nicht unbedingt besuchen m\u00fcssen.<\/li>\n<li>Wenn Sie Veranstalter sind: Achten Sie darauf, dass Personen mit Behinderung als Expertinnen beteiligt sind. Eine Quote von 30 Prozent Expertinnen mit Behinderung halte ich f\u00fcr Deutschland f\u00fcr realistisch. Eine Quote von 50 Prozent Frauen ist ebenfalls heutzutage ein Muss und problemlos machbar. Auch eine vern\u00fcnftige Mischung von J\u00fcngeren und \u00c4lteren ist heute sinnvoll. Es gibt keinen Grund, die gleichen Nasen immer und immer wieder zu zeigen.<\/li>\n<li>Wenn Sie nicht-behinderte Referentin auf einer Veranstaltung sind: Suchen Sie nach Personen mit Behinderung, denen Sie Ihren Platz \u00fcberlassen oder mit denen Sie gemeinsam referieren k\u00f6nnen. Wir ben\u00f6tigen dringend mehr prominente Expertinnen mit Behinderung. Das klappt nur, wenn sie auch Bekanntheit durch Vortr\u00e4ge erlangen k\u00f6nnen. Kn\u00fcpfen Sie Ihre Teilnahme daran, dass auch Menschen mit Behinderung als Expertinnnen teilnehmen.<\/li>\n<\/ul>\n<h2><span class=\"ez-toc-section\" id=\"Weitere_Beitraege\"><\/span>Weitere Beitr\u00e4ge<span class=\"ez-toc-section-end\"><\/span><\/h2>\n<ul>\n<li><a href=\"https:\/\/www.netz-barrierefrei.de\/wordpress\/gesellschaft\/exclusivity-club-statt-accessibility-club\/\">Exclusivity Club statt Accessibility Club<\/a><\/li>\n<li><a href=\"https:\/\/netz-barrierefrei.de\/en\/diverse.html\">Inclusion needs more doing and less talking<\/a><\/li>\n<li><a href=\"https:\/\/netz-barrierefrei.de\/en\/cop.html\">Building a community of practice for digital accessibility<\/a><\/li>\n<\/ul>\n","protected":false},"excerpt":{"rendered":"<p>Ist Ihnen schon einmal aufgefallen, dass Nicht-Behinderte das Feld der digitalen Barrierefreiheit beherrschen? In Deutschland ist das besonders ausgepr\u00e4gt. Aber auch in anderen L\u00e4ndern steht&#8230;<\/p>\n<div class=\"more-link-wrapper\"><a class=\"more-link\" href=\"https:\/\/www.netz-barrierefrei.de\/wordpress\/inklusion-barrierefreiheit-und-diversitaet-weniger-reden-mehr-handeln\/\">Weiterlesen<span class=\"screen-reader-text\">Warum Sie Veranstaltungen zur digitalen Barrierefreiheit boykottieren sollten<\/span><\/a><\/div>\n","protected":false},"author":1,"featured_media":0,"comment_status":"closed","ping_status":"closed","sticky":false,"template":"","format":"standard","meta":{"footnotes":""},"categories":[1],"tags":[],"class_list":["post-8134","post","type-post","status-publish","format-standard","hentry","category-allgemein","entry"],"_links":{"self":[{"href":"https:\/\/www.netz-barrierefrei.de\/wordpress\/wp-json\/wp\/v2\/posts\/8134","targetHints":{"allow":["GET"]}}],"collection":[{"href":"https:\/\/www.netz-barrierefrei.de\/wordpress\/wp-json\/wp\/v2\/posts"}],"about":[{"href":"https:\/\/www.netz-barrierefrei.de\/wordpress\/wp-json\/wp\/v2\/types\/post"}],"author":[{"embeddable":true,"href":"https:\/\/www.netz-barrierefrei.de\/wordpress\/wp-json\/wp\/v2\/users\/1"}],"replies":[{"embeddable":true,"href":"https:\/\/www.netz-barrierefrei.de\/wordpress\/wp-json\/wp\/v2\/comments?post=8134"}],"version-history":[{"count":36,"href":"https:\/\/www.netz-barrierefrei.de\/wordpress\/wp-json\/wp\/v2\/posts\/8134\/revisions"}],"predecessor-version":[{"id":10417,"href":"https:\/\/www.netz-barrierefrei.de\/wordpress\/wp-json\/wp\/v2\/posts\/8134\/revisions\/10417"}],"wp:attachment":[{"href":"https:\/\/www.netz-barrierefrei.de\/wordpress\/wp-json\/wp\/v2\/media?parent=8134"}],"wp:term":[{"taxonomy":"category","embeddable":true,"href":"https:\/\/www.netz-barrierefrei.de\/wordpress\/wp-json\/wp\/v2\/categories?post=8134"},{"taxonomy":"post_tag","embeddable":true,"href":"https:\/\/www.netz-barrierefrei.de\/wordpress\/wp-json\/wp\/v2\/tags?post=8134"}],"curies":[{"name":"wp","href":"https:\/\/api.w.org\/{rel}","templated":true}]}}